{"id":292978,"date":"2025-10-22T11:50:33","date_gmt":"2025-10-22T15:50:33","guid":{"rendered":"https:\/\/elluchador.info\/?p=292978"},"modified":"2025-10-22T11:50:42","modified_gmt":"2025-10-22T15:50:42","slug":"presidente-de-peru-decreta-estado-de-emergencia-en-lima-y-callao","status":"publish","type":"post","link":"https:\/\/elluchador.info\/?p=292978","title":{"rendered":"Presidente de Per\u00fa decreta estado de emergencia en Lima y Callao"},"content":{"rendered":"\n<p>El presidente interino de Per\u00fa, Jos\u00e9 Jer\u00ed, decret\u00f3 el estado de emergencia en Lima Metropolitana y la provincia constitucional del Callao para enfrentar la inseguridad. La medida, que entr\u00f3 en vigor a la medianoche de este mi\u00e9rcoles, durar\u00e1 30 d\u00edas.<\/p>\n\n\n\n<p>\u00abHoy empezamos a cambiar la historia en la lucha contra la inseguridad en el Per\u00fa\u00bb, manifest\u00f3 el mandatario en un mensaje a la Naci\u00f3n, explicando que la medida \u00abpresenta un nuevo enfoque: pasamos de la defensiva a la ofensiva en la lucha contra el crimen\u00bb que confi\u00f3 permitir\u00e1 al Gobierno \u00abrecuperar la paz, la tranquilidad y la confianza\u00bb de la poblaci\u00f3n.<\/p>\n\n\n\n<p>\u00abLas guerras se ganan con acciones, no con palabras\u00bb, enfatiz\u00f3.<\/p>\n\n\n<div class=\"wp-block-image\">\n<figure class=\"aligncenter size-full is-resized\"><img loading=\"lazy\" decoding=\"async\" width=\"573\" height=\"762\" src=\"https:\/\/elluchador.info\/wp-content\/uploads\/2025\/10\/61.jpeg\" alt=\"\" class=\"wp-image-292979\" style=\"width:435px;height:auto\" srcset=\"https:\/\/elluchador.info\/wp-content\/uploads\/2025\/10\/61.jpeg 573w, https:\/\/elluchador.info\/wp-content\/uploads\/2025\/10\/61-226x300.jpeg 226w, https:\/\/elluchador.info\/wp-content\/uploads\/2025\/10\/61-150x199.jpeg 150w, https:\/\/elluchador.info\/wp-content\/uploads\/2025\/10\/61-300x399.jpeg 300w\" sizes=\"auto, (max-width: 573px) 100vw, 573px\" \/><\/figure>\n<\/div>\n\n\n<p>Jer\u00ed se\u00f1al\u00f3 que la delincuencia ha crecido \u00abde manera desmesurada en los \u00faltimos a\u00f1os, generando un enorme dolor en miles de familias y perjudicando, adem\u00e1s, el progreso del pa\u00eds\u00bb. \u00abPero esto se acab\u00f3\u00bb, manifest\u00f3.<\/p>\n\n\n\n<p>Per\u00fa enfrenta una enorme ola criminal que desat\u00f3 una movilizaci\u00f3n nacional que a\u00fan no se detiene tras la destituci\u00f3n de Dina Boluarte y la llegada de Jer\u00ed, que asumi\u00f3 el poder de manera transitoria hasta julio de 2026.<\/p>\n\n\n\n<p>Con informaci\u00f3n <strong>Agencias.-<\/strong><\/p>\n","protected":false},"excerpt":{"rendered":"<p>El presidente interino de Per\u00fa, Jos\u00e9 Jer\u00ed, decret\u00f3 el estado de emergencia en Lima Metropolitana y la provincia constitucional del Callao para enfrentar la inseguridad. La medida, que entr\u00f3 en vigor a la medianoche de este mi\u00e9rcoles, durar\u00e1 30 d\u00edas. \u00abHoy empezamos a cambiar la historia en la lucha contra la inseguridad en el Per\u00fa\u00bb, [&hellip;]<\/p>\n","protected":false},"author":33,"featured_media":292980,"comment_status":"closed","ping_status":"closed","sticky":false,"template":"","format":"standard","meta":{"footnotes":""},"categories":[8],"tags":[2175,534],"class_list":{"0":"post-292978","1":"post","2":"type-post","3":"status-publish","4":"format-standard","5":"has-post-thumbnail","7":"category-internacionales","8":"tag-conflictos","9":"tag-peru"},"_links":{"self":[{"href":"https:\/\/elluchador.info\/index.php?rest_route=\/wp\/v2\/posts\/292978","targetHints":{"allow":["GET"]}}],"collection":[{"href":"https:\/\/elluchador.info\/index.php?rest_route=\/wp\/v2\/posts"}],"about":[{"href":"https:\/\/elluchador.info\/index.php?rest_route=\/wp\/v2\/types\/post"}],"author":[{"embeddable":true,"href":"https:\/\/elluchador.info\/index.php?rest_route=\/wp\/v2\/users\/33"}],"replies":[{"embeddable":true,"href":"https:\/\/elluchador.info\/index.php?rest_route=%2Fwp%2Fv2%2Fcomments&post=292978"}],"version-history":[{"count":1,"href":"https:\/\/elluchador.info\/index.php?rest_route=\/wp\/v2\/posts\/292978\/revisions"}],"predecessor-version":[{"id":292981,"href":"https:\/\/elluchador.info\/index.php?rest_route=\/wp\/v2\/posts\/292978\/revisions\/292981"}],"wp:featuredmedia":[{"embeddable":true,"href":"https:\/\/elluchador.info\/index.php?rest_route=\/wp\/v2\/media\/292980"}],"wp:attachment":[{"href":"https:\/\/elluchador.info\/index.php?rest_route=%2Fwp%2Fv2%2Fmedia&parent=292978"}],"wp:term":[{"taxonomy":"category","embeddable":true,"href":"https:\/\/elluchador.info\/index.php?rest_route=%2Fwp%2Fv2%2Fcategories&post=292978"},{"taxonomy":"post_tag","embeddable":true,"href":"https:\/\/elluchador.info\/index.php?rest_route=%2Fwp%2Fv2%2Ftags&post=292978"}],"curies":[{"name":"wp","href":"https:\/\/api.w.org\/{rel}","templated":true}]}}