{"id":293127,"date":"2025-10-24T10:05:23","date_gmt":"2025-10-24T14:05:23","guid":{"rendered":"https:\/\/elluchador.info\/?p=293127"},"modified":"2025-10-24T10:05:25","modified_gmt":"2025-10-24T14:05:25","slug":"arquidiocesis-de-ciudad-bolivar-invita-a-misa-de-accion-de-gracias-por-santos-venezolanos","status":"publish","type":"post","link":"https:\/\/elluchador.info\/?p=293127","title":{"rendered":"Arquidi\u00f3cesis de Ciudad Bol\u00edvar invita a Misa de Acci\u00f3n de Gracias por santos venezolanos"},"content":{"rendered":"\n<p>\u200eLa Arquidi\u00f3cesis de Ciudad Bol\u00edvar, en uni\u00f3n a la Fiesta de la Santidad, invita a toda la feligres\u00eda a participar en una misa de Acci\u00f3n de Gracias que se celebrar\u00e1 el pr\u00f3ximo 25 de octubre a las 10:00 de la ma\u00f1ana en la Catedral Metropolitana de Ciudad Bol\u00edvar.<br>\u200e<br>\u200eEl Pbro Hermes Bastidas, Vicario General de la Arquidi\u00f3cesis de Ciudad Bol\u00edvar, quien presidir\u00e1 esta ceremonia religiosa, invit\u00f3 a la feligres\u00eda a acompa\u00f1arlos para festejar la canonizaci\u00f3n de los santos venezolanos San Jos\u00e9 Gregorio Hern\u00e1ndez y Santa Madre Carmen Rendiles.<br>\u200e<br>\u200eEn sus palabras, el Pbro Hermes Bastidas destac\u00f3 que \u201ceste d\u00eda celebraremos la Fiesta de la Santidad, bajo el lema \u201cSantos para Todos\u201d, significando que estos dos santos ejemplo de una ferviente fe y caridad. Adem\u00e1s, pidi\u00f3 por su santa intercesi\u00f3n protecci\u00f3n para todos los venezolanos.<br>\u200e<br>\u200eReiter\u00f3 la cordial invitaci\u00f3n a la feligres\u00eda a vivir este momento hist\u00f3rico para la iglesia cat\u00f3lica venezolana, con los dos primeros santos venezolanos.<br>\u200e<br>\u200e<br><strong>\u200eCarolina Maffia<\/strong><\/p>\n","protected":false},"excerpt":{"rendered":"<p>\u200eLa Arquidi\u00f3cesis de Ciudad Bol\u00edvar, en uni\u00f3n a la Fiesta de la Santidad, invita a toda la feligres\u00eda a participar en una misa de Acci\u00f3n de Gracias que se celebrar\u00e1 el pr\u00f3ximo 25 de octubre a las 10:00 de la ma\u00f1ana en la Catedral Metropolitana de Ciudad Bol\u00edvar.\u200e\u200eEl Pbro Hermes Bastidas, Vicario General de la [&hellip;]<\/p>\n","protected":false},"author":33,"featured_media":293128,"comment_status":"closed","ping_status":"closed","sticky":false,"template":"","format":"standard","meta":{"footnotes":""},"categories":[12],"tags":[185,4073],"class_list":{"0":"post-293127","1":"post","2":"type-post","3":"status-publish","4":"format-standard","5":"has-post-thumbnail","7":"category-regionales","8":"tag-bolivar","9":"tag-misa"},"_links":{"self":[{"href":"https:\/\/elluchador.info\/index.php?rest_route=\/wp\/v2\/posts\/293127","targetHints":{"allow":["GET"]}}],"collection":[{"href":"https:\/\/elluchador.info\/index.php?rest_route=\/wp\/v2\/posts"}],"about":[{"href":"https:\/\/elluchador.info\/index.php?rest_route=\/wp\/v2\/types\/post"}],"author":[{"embeddable":true,"href":"https:\/\/elluchador.info\/index.php?rest_route=\/wp\/v2\/users\/33"}],"replies":[{"embeddable":true,"href":"https:\/\/elluchador.info\/index.php?rest_route=%2Fwp%2Fv2%2Fcomments&post=293127"}],"version-history":[{"count":1,"href":"https:\/\/elluchador.info\/index.php?rest_route=\/wp\/v2\/posts\/293127\/revisions"}],"predecessor-version":[{"id":293129,"href":"https:\/\/elluchador.info\/index.php?rest_route=\/wp\/v2\/posts\/293127\/revisions\/293129"}],"wp:featuredmedia":[{"embeddable":true,"href":"https:\/\/elluchador.info\/index.php?rest_route=\/wp\/v2\/media\/293128"}],"wp:attachment":[{"href":"https:\/\/elluchador.info\/index.php?rest_route=%2Fwp%2Fv2%2Fmedia&parent=293127"}],"wp:term":[{"taxonomy":"category","embeddable":true,"href":"https:\/\/elluchador.info\/index.php?rest_route=%2Fwp%2Fv2%2Fcategories&post=293127"},{"taxonomy":"post_tag","embeddable":true,"href":"https:\/\/elluchador.info\/index.php?rest_route=%2Fwp%2Fv2%2Ftags&post=293127"}],"curies":[{"name":"wp","href":"https:\/\/api.w.org\/{rel}","templated":true}]}}