{"id":293157,"date":"2025-10-24T15:00:17","date_gmt":"2025-10-24T19:00:17","guid":{"rendered":"https:\/\/elluchador.info\/?p=293157"},"modified":"2025-10-24T15:00:21","modified_gmt":"2025-10-24T19:00:21","slug":"brian-farias-el-joven-bolivarense-que-desafio-al-autismo-para-alcanzar-el-exito","status":"publish","type":"post","link":"https:\/\/elluchador.info\/?p=293157","title":{"rendered":"Brian Far\u00edas: El joven bolivarense que desafi\u00f3 al autismo para alcanzar el \u00e9xito"},"content":{"rendered":"\n<p>\u200eA veces la vida nos pone a prueba con situaciones bastante complicadas, contextos inesperados, obst\u00e1culos que nos hacen cuestionar nuestras capacidades, siendo inevitable rendirse en un primer momento.<br>\u200e<br>\u200eLuego toca vivir una etapa de aceptaci\u00f3n, y por \u00faltimo, comienzas a recordar que no se trata de ser v\u00edctima de las circunstancias. Hay quienes se convierten en resilientes y transforman esas situaciones en grandes oportunidades que les permiten demostrar que todo es posible.<br>\u200e<br>\u200ePrueba de ello es Brian Far\u00edas, de 24 a\u00f1os edad, bolivarense, hijo \u00fanico de la uni\u00f3n entre Yajaira Frey y Jos\u00e9 Luis Far\u00edas, quien fue diagnosticado con trastorno del espectro autista y quien convirti\u00f3 su condici\u00f3n en una fortaleza para lograr sus metas, entre ellas, las de convertirse en el primer abogado con autismo graduado en la Ugma Ciudad Bol\u00edvar.<br>\u200e<br>\u200eUna inspiradora historia tanto para quienes tienen su misma condici\u00f3n y para quienes piensan que las circunstancias adversas determinan su destino.<br>\u200e<br><strong>\u200eUn camino de transformaci\u00f3n<\/strong><br>\u200e<br>\u200eEl trayecto de Brian en la universidad no fue f\u00e1cil. Estuvo marcado por grandes desaf\u00edos como entender a sus profesores y adaptarse a sus compa\u00f1eros.<br>\u200e<br>\u200eSin embargo, describe c\u00f3mo desde la aceptaci\u00f3n convirti\u00f3 las caracter\u00edsticas de su condici\u00f3n en fortalezas para concluir con \u00e9xito su formaci\u00f3n acad\u00e9mica.<br>\u200e\u201cHab\u00eda ocasiones en las que cuando pensaba que entend\u00eda a los profesores me llevaba la sorpresa que lo que ellos quer\u00edan decir no era lo que yo entend\u00eda, eso me ret\u00f3 hasta lograr entenderlos.<br>\u200e<br>\u200eLuego, cuando se trataba de hacer estudios grupales con mis compa\u00f1eros hab\u00eda choques por diferencias de pensamiento, sin embargo, logr\u00e9 encontrar puntos de convergencia y superar la barrera de conectarme con ellos de forma eficiente, y con los profesores, cumplir sus expectativas\u201d, comparte.<br>\u200e<br><strong>\u200eMarcando la diferencia<\/strong><br>\u200e<br>\u200eBrian afirma que la fortaleza mental fue un factor clave que lo llev\u00f3 de la aceptaci\u00f3n a la transformaci\u00f3n.<br>\u200e\u201cEntrenar la mente, centrarse en la meta, insistir, persistir y nunca existir. En mi caso, pese a las ca\u00eddas he llegado a un nivel de fortaleza mental que es casi como un nivel de relajaci\u00f3n impresionante.<br>\u200e<br>\u200eNervios de acero, eso un una virtud bastante decisiva para un \u00e9xito a largo plazo\u201d, asever\u00f3.<br>\u200e<br>\u200eEntenderse as\u00ed mismo, tambi\u00e9n ha sido fundamental para Brian, como herramienta para vencer los obst\u00e1culos tanto acad\u00e9micos como sociales.\u00a0 \u201cSi te conoces a ti mismo vas a conocer a las dem\u00e1s personas a un grado bastante impresionante\u201d, afirma.<br>\u200e<br><strong>\u200e\u00c1ngeles en el camino<\/strong><br>\u200e<br>\u200eDurante toda su vida y, especialmente, en su formaci\u00f3n universitaria, hubo personas que brindaron un apoyo incondicional a nuestro entrevistado, quien afirma que, \u201csin ellos nada habr\u00eda sido posible\u201d.<br>\u200e<br>\u200ePrimero fue el amor de sus padres. \u201cMi mam\u00e1 por un lado fue el apoyo para poder seguir adelante. Fue ella la que me sigui\u00f3 animando pese a la dificultad y la adversidad, la columna que me sostuvo. Mi pap\u00e1, fue gracias a \u00e9l que pude ingresar a la universidad con su apoyo financiero. Esos dos fueron muy importantes para tener este nivel de \u00e9xito\u201d.<br>\u200e<br>\u200eBrian tambi\u00e9n habla de lo bien que le hac\u00edan las visitas de su t\u00edo Emilio, quien siempre ha tenido la frase perfecta para sacarle una sonrisa. Con un brillo especial en sus ojos, relata que su mascota tambi\u00e9n fue un gran apoyo durante sus a\u00f1os de estudios. \u201cEs un perico. Cada vez que yo llegaba a mi casa, siempre me recib\u00eda con su alegr\u00eda que me animaba todos los d\u00edas\u201d.<br>\u200e<br>\u200eTambi\u00e9n, recuerda a todos sus profesores y, especialmente, \u00aba la profesora Mabel Aguilera. Tengo mucho que agradecerle\u201d.<br>\u200e<br><strong>\u200eMetas por cumplir<\/strong><br>\u200e<br>\u200ePara Brian ahora comienza una nueva etapa y son muchos los sue\u00f1os que desea cumplir. \u201cMi primer objetivo es buscar un trabajo relacionado a mi profesi\u00f3n. Tengo metas a mediano y largo plazo, disfrutar de una vida tranquila, estable. Sue\u00f1o con tener mi propia casa, mi familia y ayudar a otras personas\u201d. <\/p>\n\n\n<div class=\"wp-block-image\">\n<figure class=\"aligncenter size-large is-resized\"><img loading=\"lazy\" decoding=\"async\" width=\"559\" height=\"1024\" src=\"https:\/\/elluchador.info\/wp-content\/uploads\/2025\/10\/IMG-20251023-WA0025-559x1024.jpg\" alt=\"\" class=\"wp-image-293158\" style=\"width:365px;height:auto\" srcset=\"https:\/\/elluchador.info\/wp-content\/uploads\/2025\/10\/IMG-20251023-WA0025-559x1024.jpg 559w, https:\/\/elluchador.info\/wp-content\/uploads\/2025\/10\/IMG-20251023-WA0025-164x300.jpg 164w, https:\/\/elluchador.info\/wp-content\/uploads\/2025\/10\/IMG-20251023-WA0025-150x275.jpg 150w, https:\/\/elluchador.info\/wp-content\/uploads\/2025\/10\/IMG-20251023-WA0025-300x549.jpg 300w, https:\/\/elluchador.info\/wp-content\/uploads\/2025\/10\/IMG-20251023-WA0025-696x1275.jpg 696w, https:\/\/elluchador.info\/wp-content\/uploads\/2025\/10\/IMG-20251023-WA0025.jpg 699w\" sizes=\"auto, (max-width: 559px) 100vw, 559px\" \/><\/figure>\n<\/div>\n\n\n<p>\u200eTambi\u00e9n sue\u00f1a con convertirse en archivista. \u201cDeseo conservar todo conocimiento posible digital, conservar cualquier conocimiento jur\u00eddico, hecho hist\u00f3rico, cualquier relato, de manera que, las siguientes generaciones o historiadores interesados puedan recurrir a estos archivos y nutrirse sobre eventos importantes que hayan ocurrido y que marcaron nuestra historia en esta \u00e9poca. Ser\u00eda genial trabajar en ello\u201d.<br>\u200e<br><strong>\u200eEjemplo que inspira<\/strong><br>\u200e<br>\u200eLa historia de Brian es una invitaci\u00f3n a no rendirse, a tener autoconfianza, creer en s\u00ed mismo y aprender a pensar en positivo, \u201cporque todo lo que creemos en nuestra mente lo podemos hacer realidad, sin importar los obst\u00e1culos\u201d.<br>\u200e<br>\u200eTambi\u00e9n, resalta la importancia del apoyo de quienes est\u00e1n a nuestro alrededor. \u201cSomos seres humanos, es inevitable que seamos una especie social. Es innegable que necesitamos apoyo, porque nosotros solos no podemos\u201d.<br>\u200e<br>\u200eEn forma de an\u00e9cdota, cuenta que est\u00e1 en un peque\u00f1o grupo social en donde tiene\u00a0 a un amigo con espectro autista, que es de Chile, ya tienen 5 a\u00f1os de amistad y asegura que se la llevan muy bien.<br>\u200e<br>\u200e\u201cNos desahogamos, nos damos confianza, nos ayudamos, nos motivamos. Ese tipo de cosas puede ayudar bastante al alcanzar seguridad en uno mismo. Y bueno, ese es mi consejo. Buscar a alguien y aprender todo el entorno que tengas a tu disposici\u00f3n, pero jam\u00e1s tirar la toalla. En lugar de pensar qu\u00e9 vas a perder, pensar en que lo vas lograr\u00e1s, sin importar las adversidades\u201d.<br>\u200e<br><strong>\u200eUn mensaje de esperanza<\/strong><br>\u200e<br>\u200e\u201c\u00b4El autismo no te define, t\u00fa defines el autismo\u00b4. Es decir, somos nosotros los que los que definimos c\u00f3mo nos comportamos en ciertas circunstancias, ya que cada uno presenta sus propias condiciones. No es una debilidad, ni un defecto. Sencillamente, es un reto distinto. Se trata de aprender a adaptarse al problema. No hay que dudar de s\u00ed mismo, porque cada persona tiene sus virtudes y sus defectos, pero puedes convertir esos defectos en tus fortalezas\u201d, concluye.<br>\u200e<br>\u200e<br><strong>\u200eGledis Bonilla<\/strong><\/p>\n","protected":false},"excerpt":{"rendered":"<p>\u200eA veces la vida nos pone a prueba con situaciones bastante complicadas, contextos inesperados, obst\u00e1culos que nos hacen cuestionar nuestras capacidades, siendo inevitable rendirse en un primer momento.\u200e\u200eLuego toca vivir una etapa de aceptaci\u00f3n, y por \u00faltimo, comienzas a recordar que no se trata de ser v\u00edctima de las circunstancias. Hay quienes se convierten en [&hellip;]<\/p>\n","protected":false},"author":33,"featured_media":293159,"comment_status":"closed","ping_status":"closed","sticky":false,"template":"","format":"standard","meta":{"footnotes":""},"categories":[1496],"tags":[185],"class_list":{"0":"post-293157","1":"post","2":"type-post","3":"status-publish","4":"format-standard","5":"has-post-thumbnail","7":"category-especial","8":"tag-bolivar"},"_links":{"self":[{"href":"https:\/\/elluchador.info\/index.php?rest_route=\/wp\/v2\/posts\/293157","targetHints":{"allow":["GET"]}}],"collection":[{"href":"https:\/\/elluchador.info\/index.php?rest_route=\/wp\/v2\/posts"}],"about":[{"href":"https:\/\/elluchador.info\/index.php?rest_route=\/wp\/v2\/types\/post"}],"author":[{"embeddable":true,"href":"https:\/\/elluchador.info\/index.php?rest_route=\/wp\/v2\/users\/33"}],"replies":[{"embeddable":true,"href":"https:\/\/elluchador.info\/index.php?rest_route=%2Fwp%2Fv2%2Fcomments&post=293157"}],"version-history":[{"count":1,"href":"https:\/\/elluchador.info\/index.php?rest_route=\/wp\/v2\/posts\/293157\/revisions"}],"predecessor-version":[{"id":293160,"href":"https:\/\/elluchador.info\/index.php?rest_route=\/wp\/v2\/posts\/293157\/revisions\/293160"}],"wp:featuredmedia":[{"embeddable":true,"href":"https:\/\/elluchador.info\/index.php?rest_route=\/wp\/v2\/media\/293159"}],"wp:attachment":[{"href":"https:\/\/elluchador.info\/index.php?rest_route=%2Fwp%2Fv2%2Fmedia&parent=293157"}],"wp:term":[{"taxonomy":"category","embeddable":true,"href":"https:\/\/elluchador.info\/index.php?rest_route=%2Fwp%2Fv2%2Fcategories&post=293157"},{"taxonomy":"post_tag","embeddable":true,"href":"https:\/\/elluchador.info\/index.php?rest_route=%2Fwp%2Fv2%2Ftags&post=293157"}],"curies":[{"name":"wp","href":"https:\/\/api.w.org\/{rel}","templated":true}]}}