{"id":293165,"date":"2025-10-24T16:45:00","date_gmt":"2025-10-24T20:45:00","guid":{"rendered":"https:\/\/elluchador.info\/?p=293165"},"modified":"2025-10-24T16:42:31","modified_gmt":"2025-10-24T20:42:31","slug":"ee-uu-sanciona-a-gustavo-petro-a-su-esposa-a-su-hijo-y-al-ministro-del-interior-de-colombia","status":"publish","type":"post","link":"https:\/\/elluchador.info\/?p=293165","title":{"rendered":"EE.UU. sanciona a Gustavo Petro, a su esposa, a su hijo y al ministro del Interior de Colombia"},"content":{"rendered":"\n<p>El Departamento del Tesoro de Estados Unidos, a trav\u00e9s de su Oficina de Control de Activos Extranjeros (OFAC), ha anunciado la inclusi\u00f3n del presidente de Colombia, Gustavo Petro, de su esposa Ver\u00f3nica Alcocer, de su hijo mayor Nicol\u00e1s Petro, y del ministro del Interior, Armando Alberto Benedetti Villaneda, en la lista de Nacionales Especialmente Designados (SDN), com\u00fanmente conocida como la \u00abLista Clinton\u00bb.<\/p>\n\n\n\n<p>\u200bSeg\u00fan el comunicado de la OFAC, la designaci\u00f3n se realiza bajo la autoridad de sanciones relacionadas con el narcotr\u00e1fico, acusando a los individuos de contribuir materialmente a la proliferaci\u00f3n internacional de drogas il\u00edcitas o de haber provisto apoyo financiero, material o tecnol\u00f3gico al presidente Petro. Esta inclusi\u00f3n conlleva el bloqueo de activos bajo jurisdicci\u00f3n estadounidense y la prohibici\u00f3n general de transacciones para ciudadanos y entidades de EE. UU.<\/p>\n\n\n\n<p>\u200bEsta acci\u00f3n se produce en un contexto de creciente hostilidad y alta tensi\u00f3n diplom\u00e1tica entre ambos pa\u00edses, exacerbada por los recientes bombardeos estadounidenses contra lanchas en aguas del Pac\u00edfico.<\/p>\n\n\n\n<p>\u200bEl mandatario colombiano ha calificado estos ataques como \u00abun asesinato\u00bb y una violaci\u00f3n a la soberan\u00eda, una postura que ha reiterado tras nuevos incidentes en el Pac\u00edfico.<\/p>\n\n\n\n<p>\u200bLa firmeza del presidente Petro ha provocado una dura reacci\u00f3n del inquilino de la Casa Blanca, quien lo ha tildado de \u00abl\u00edder del narcotr\u00e1fico ilegal\u00bb, intensificando las tensiones bilaterales.<\/p>\n\n\n\n<p>\u200bEl presidente estadounidense ha llegado incluso a amenazar con tomar \u00abmedidas muy severas\u00bb contra Petro, manifestando: \u00abEs un mat\u00f3n, es un hombre malo y est\u00e1 produciendo mucha droga. Tienen f\u00e1bricas de coca\u00edna\u00bb, refiri\u00e9ndose al l\u00edder colombiano.<\/p>\n\n\n\n<p>\u200bEl presidente Petro, ha rechazado en\u00e9rgicamente estas acusaciones, asegurando que el presidente estadounidense est\u00e1 siendo \u00abenga\u00f1ado por sus logias y asesores\u00bb, y defendiendo que ha sido su gobierno el que m\u00e1s ha combatido las estructuras criminales del narcotr\u00e1fico en Colombia durante d\u00e9cadas, calificando la sanci\u00f3n como una \u00abparadoja\u00bb e indicando: \u00abni un paso atr\u00e1s y jam\u00e1s de rodillas\u00bb.<\/p>\n\n\n\n<p>Con informaci\u00f3n de <strong>agencias<\/strong><\/p>\n","protected":false},"excerpt":{"rendered":"<p>El Departamento del Tesoro de Estados Unidos, a trav\u00e9s de su Oficina de Control de Activos Extranjeros (OFAC), ha anunciado la inclusi\u00f3n del presidente de Colombia, Gustavo Petro, de su esposa Ver\u00f3nica Alcocer, de su hijo mayor Nicol\u00e1s Petro, y del ministro del Interior, Armando Alberto Benedetti Villaneda, en la lista de Nacionales Especialmente Designados [&hellip;]<\/p>\n","protected":false},"author":38,"featured_media":293166,"comment_status":"closed","ping_status":"closed","sticky":false,"template":"","format":"standard","meta":{"footnotes":""},"categories":[8],"tags":[448],"class_list":{"0":"post-293165","1":"post","2":"type-post","3":"status-publish","4":"format-standard","5":"has-post-thumbnail","7":"category-internacionales","8":"tag-mundo"},"_links":{"self":[{"href":"https:\/\/elluchador.info\/index.php?rest_route=\/wp\/v2\/posts\/293165","targetHints":{"allow":["GET"]}}],"collection":[{"href":"https:\/\/elluchador.info\/index.php?rest_route=\/wp\/v2\/posts"}],"about":[{"href":"https:\/\/elluchador.info\/index.php?rest_route=\/wp\/v2\/types\/post"}],"author":[{"embeddable":true,"href":"https:\/\/elluchador.info\/index.php?rest_route=\/wp\/v2\/users\/38"}],"replies":[{"embeddable":true,"href":"https:\/\/elluchador.info\/index.php?rest_route=%2Fwp%2Fv2%2Fcomments&post=293165"}],"version-history":[{"count":1,"href":"https:\/\/elluchador.info\/index.php?rest_route=\/wp\/v2\/posts\/293165\/revisions"}],"predecessor-version":[{"id":293167,"href":"https:\/\/elluchador.info\/index.php?rest_route=\/wp\/v2\/posts\/293165\/revisions\/293167"}],"wp:featuredmedia":[{"embeddable":true,"href":"https:\/\/elluchador.info\/index.php?rest_route=\/wp\/v2\/media\/293166"}],"wp:attachment":[{"href":"https:\/\/elluchador.info\/index.php?rest_route=%2Fwp%2Fv2%2Fmedia&parent=293165"}],"wp:term":[{"taxonomy":"category","embeddable":true,"href":"https:\/\/elluchador.info\/index.php?rest_route=%2Fwp%2Fv2%2Fcategories&post=293165"},{"taxonomy":"post_tag","embeddable":true,"href":"https:\/\/elluchador.info\/index.php?rest_route=%2Fwp%2Fv2%2Ftags&post=293165"}],"curies":[{"name":"wp","href":"https:\/\/api.w.org\/{rel}","templated":true}]}}