{"id":293216,"date":"2025-10-25T10:57:20","date_gmt":"2025-10-25T14:57:20","guid":{"rendered":"https:\/\/elluchador.info\/?p=293216"},"modified":"2025-10-25T10:57:23","modified_gmt":"2025-10-25T14:57:23","slug":"fedeagro-consumo-de-hortalizas-se-desploma-60-en-venezuela","status":"publish","type":"post","link":"https:\/\/elluchador.info\/?p=293216","title":{"rendered":"Fedeagro: Consumo de hortalizas se desploma 60% en Venezuela"},"content":{"rendered":"\n<p>\u200eLas intensas lluvias registradas en junio en los estados T\u00e1chira, M\u00e9rida y Trujillo dejaron un saldo preocupante para el sector agr\u00edcola venezolano. Seg\u00fan Emilio Breindembach, subdirector de hortalizas de Fedeagro, alrededor de 300 familias productoras se vieron afectadas, con p\u00e9rdidas estimadas en m\u00e1s de 150 hect\u00e1reas cultivadas.<br>\u200e<br>\u200e\u201cEl 80% es agricultura familiar y estamos a pulm\u00f3n propio. La p\u00e9rdida de esas inversiones es un tema grave para recuperarse, porque las siembras estaban hechas y las inversiones fueron fuertes\u201d, afirm\u00f3 Breindembach en entrevista con Vanessa Davies para el programa La Frecuencia de Hoy de Uni\u00f3n Radio.<br>\u200e<br>\u200eAunque en los meses posteriores las lluvias han sido m\u00e1s moderadas, el impacto econ\u00f3mico persiste. Breindembach alert\u00f3 sobre una ca\u00edda de al menos 60% en el consumo de hortalizas, debido al bajo poder adquisitivo de los venezolanos.<br>\u200e<br>\u200e\u201cEl poder adquisitivo del venezolano es tan bajo que ha implicado en que no se venda la hortaliza como antes\u201d, se\u00f1al\u00f3.<br>\u200e<br>\u200eAdem\u00e1s, destac\u00f3 que las hortalizas son los rubros m\u00e1s vulnerables ante los temporales, por su alta perecibilidad y la dificultad de recuperaci\u00f3n tras eventos clim\u00e1ticos extremos.<br>\u200e<br>\u200eCon informaci\u00f3n de <strong>\u00daR<\/strong><\/p>\n","protected":false},"excerpt":{"rendered":"<p>\u200eLas intensas lluvias registradas en junio en los estados T\u00e1chira, M\u00e9rida y Trujillo dejaron un saldo preocupante para el sector agr\u00edcola venezolano. Seg\u00fan Emilio Breindembach, subdirector de hortalizas de Fedeagro, alrededor de 300 familias productoras se vieron afectadas, con p\u00e9rdidas estimadas en m\u00e1s de 150 hect\u00e1reas cultivadas.\u200e\u200e\u201cEl 80% es agricultura familiar y estamos a pulm\u00f3n [&hellip;]<\/p>\n","protected":false},"author":33,"featured_media":293217,"comment_status":"closed","ping_status":"closed","sticky":false,"template":"","format":"standard","meta":{"footnotes":""},"categories":[6],"tags":[180,2436,4790,1903,105],"class_list":{"0":"post-293216","1":"post","2":"type-post","3":"status-publish","4":"format-standard","5":"has-post-thumbnail","7":"category-economia","8":"tag-clima","9":"tag-consumo","10":"tag-hortalizas","11":"tag-precios","12":"tag-venezuela"},"_links":{"self":[{"href":"https:\/\/elluchador.info\/index.php?rest_route=\/wp\/v2\/posts\/293216","targetHints":{"allow":["GET"]}}],"collection":[{"href":"https:\/\/elluchador.info\/index.php?rest_route=\/wp\/v2\/posts"}],"about":[{"href":"https:\/\/elluchador.info\/index.php?rest_route=\/wp\/v2\/types\/post"}],"author":[{"embeddable":true,"href":"https:\/\/elluchador.info\/index.php?rest_route=\/wp\/v2\/users\/33"}],"replies":[{"embeddable":true,"href":"https:\/\/elluchador.info\/index.php?rest_route=%2Fwp%2Fv2%2Fcomments&post=293216"}],"version-history":[{"count":1,"href":"https:\/\/elluchador.info\/index.php?rest_route=\/wp\/v2\/posts\/293216\/revisions"}],"predecessor-version":[{"id":293218,"href":"https:\/\/elluchador.info\/index.php?rest_route=\/wp\/v2\/posts\/293216\/revisions\/293218"}],"wp:featuredmedia":[{"embeddable":true,"href":"https:\/\/elluchador.info\/index.php?rest_route=\/wp\/v2\/media\/293217"}],"wp:attachment":[{"href":"https:\/\/elluchador.info\/index.php?rest_route=%2Fwp%2Fv2%2Fmedia&parent=293216"}],"wp:term":[{"taxonomy":"category","embeddable":true,"href":"https:\/\/elluchador.info\/index.php?rest_route=%2Fwp%2Fv2%2Fcategories&post=293216"},{"taxonomy":"post_tag","embeddable":true,"href":"https:\/\/elluchador.info\/index.php?rest_route=%2Fwp%2Fv2%2Ftags&post=293216"}],"curies":[{"name":"wp","href":"https:\/\/api.w.org\/{rel}","templated":true}]}}