{"id":293299,"date":"2025-10-26T11:45:00","date_gmt":"2025-10-26T15:45:00","guid":{"rendered":"https:\/\/elluchador.info\/?p=293299"},"modified":"2025-10-26T11:27:04","modified_gmt":"2025-10-26T15:27:04","slug":"fieles-celebran-161-anos-del-natalicio-de-san-jose-gregorio-hernandez","status":"publish","type":"post","link":"https:\/\/elluchador.info\/?p=293299","title":{"rendered":"Fieles celebran 161 a\u00f1os del natalicio de San Jos\u00e9 Gregorio Hern\u00e1ndez"},"content":{"rendered":"\n<p>El pueblo de Isnot\u00fa, tierra natal de San Jos\u00e9 Gregorio Hern\u00e1ndez, se encuentra desbordado de fe y alegr\u00eda mientras la feligres\u00eda de todo el pa\u00eds ejecuta diversas actividades religiosas para conmemorar los 161 a\u00f1os del natalicio del \u00abM\u00e9dico de los Pobres\u00bb.<\/p>\n\n\n\n<p>\u200bLa celebraci\u00f3n comenz\u00f3 en v\u00edsperas con gran entusiasmo. Durante un pase satelital con Venezolana de Televisi\u00f3n (VTV), la alcaldesa del municipio Rafael Rangel, Sonia Silva, manifest\u00f3 desde el lugar: \u00abhoy estamos en v\u00edsperas de la celebraci\u00f3n de estos 161 a\u00f1os de nuestro santo y con entusiasmo aqu\u00ed nos encontramos, esperando que sean las 12 de la noche para cantarle su cumplea\u00f1os\u00bb.<\/p>\n\n\n\n<p><strong>\u200bActividades centrales en honor al Santo<\/strong><br>\u200bLa alcaldesa Silva extendi\u00f3 una invitaci\u00f3n a toda la feligres\u00eda a participar en las numerosas actividades programadas. Entre ellas, destaca la Gran Caminata que se realizar\u00e1 este domingo y que partir\u00e1 simult\u00e1neamente desde la entrada de Valera, Betijoque y Sabana de Mendoza, esperando la asistencia de una multitud de personas de todos los municipios.<\/p>\n\n\n\n<p>\u200bAsimismo, detall\u00f3 que el pr\u00f3ximo 1 de noviembre se llevar\u00e1 a cabo una Misa Solemne en compa\u00f1\u00eda de sacerdotes, obispos y arzobispos. La invitaci\u00f3n est\u00e1 abierta a todo el estado Trujillo y a Venezuela, ya que se espera la asistencia de personas de toda la naci\u00f3n para esta importante fecha.<\/p>\n\n\n\n<p><strong>\u200bUn llamados a la Humanidad y la Fe<\/strong><br>\u200bLa mandataria local expres\u00f3 que la esencia de la celebraci\u00f3n es un llamado a seguir el ejemplo de San Jos\u00e9 Gregorio Hern\u00e1ndez: \u00abhumanos, cristianos que quieren el bien del pueblo\u00bb.<\/p>\n\n\n\n<p>\u200bFinalmente, la alcaldesa Sonia Silva enfatiz\u00f3 que en Trujillo \u00abse respira paz y amor\u00bb, asegurando que, como buenos trujillanos, recibir\u00e1n \u00abcon las manos abiertas y alegr\u00eda a todos quienes asistan a las actividades en honor al santo\u00bb.<\/p>\n\n\n\n<p>Con informaci\u00f3n de <strong>agencias<\/strong><\/p>\n","protected":false},"excerpt":{"rendered":"<p>El pueblo de Isnot\u00fa, tierra natal de San Jos\u00e9 Gregorio Hern\u00e1ndez, se encuentra desbordado de fe y alegr\u00eda mientras la feligres\u00eda de todo el pa\u00eds ejecuta diversas actividades religiosas para conmemorar los 161 a\u00f1os del natalicio del \u00abM\u00e9dico de los Pobres\u00bb. \u200bLa celebraci\u00f3n comenz\u00f3 en v\u00edsperas con gran entusiasmo. Durante un pase satelital con Venezolana [&hellip;]<\/p>\n","protected":false},"author":38,"featured_media":293300,"comment_status":"closed","ping_status":"closed","sticky":false,"template":"","format":"standard","meta":{"footnotes":""},"categories":[5,9],"tags":[105],"class_list":{"0":"post-293299","1":"post","2":"type-post","3":"status-publish","4":"format-standard","5":"has-post-thumbnail","7":"category-destacado","8":"category-nacionales","9":"tag-venezuela"},"_links":{"self":[{"href":"https:\/\/elluchador.info\/index.php?rest_route=\/wp\/v2\/posts\/293299","targetHints":{"allow":["GET"]}}],"collection":[{"href":"https:\/\/elluchador.info\/index.php?rest_route=\/wp\/v2\/posts"}],"about":[{"href":"https:\/\/elluchador.info\/index.php?rest_route=\/wp\/v2\/types\/post"}],"author":[{"embeddable":true,"href":"https:\/\/elluchador.info\/index.php?rest_route=\/wp\/v2\/users\/38"}],"replies":[{"embeddable":true,"href":"https:\/\/elluchador.info\/index.php?rest_route=%2Fwp%2Fv2%2Fcomments&post=293299"}],"version-history":[{"count":1,"href":"https:\/\/elluchador.info\/index.php?rest_route=\/wp\/v2\/posts\/293299\/revisions"}],"predecessor-version":[{"id":293301,"href":"https:\/\/elluchador.info\/index.php?rest_route=\/wp\/v2\/posts\/293299\/revisions\/293301"}],"wp:featuredmedia":[{"embeddable":true,"href":"https:\/\/elluchador.info\/index.php?rest_route=\/wp\/v2\/media\/293300"}],"wp:attachment":[{"href":"https:\/\/elluchador.info\/index.php?rest_route=%2Fwp%2Fv2%2Fmedia&parent=293299"}],"wp:term":[{"taxonomy":"category","embeddable":true,"href":"https:\/\/elluchador.info\/index.php?rest_route=%2Fwp%2Fv2%2Fcategories&post=293299"},{"taxonomy":"post_tag","embeddable":true,"href":"https:\/\/elluchador.info\/index.php?rest_route=%2Fwp%2Fv2%2Ftags&post=293299"}],"curies":[{"name":"wp","href":"https:\/\/api.w.org\/{rel}","templated":true}]}}