{"id":293346,"date":"2025-10-27T08:20:00","date_gmt":"2025-10-27T12:20:00","guid":{"rendered":"https:\/\/elluchador.info\/?p=293346"},"modified":"2025-10-27T08:19:23","modified_gmt":"2025-10-27T12:19:23","slug":"ccieb-preocupada-por-aumento-de-tarifas-de-corpoelec","status":"publish","type":"post","link":"https:\/\/elluchador.info\/?p=293346","title":{"rendered":"CCIEB preocupada por aumento de tarifas de Corpoelec"},"content":{"rendered":"\n<p>La Junta Directiva de la C\u00e1mara de Comercio e Industrias del Estado Bol\u00edvar en representaci\u00f3n del sector industrial, comercial, empresarial est\u00e1 preocupada por la incidencia de sus servicios y tarifas en la econom\u00eda, la existencia misma del sector productivo y el sustento de la comunidad.<\/p>\n\n\n\n<p>El presidente de la C\u00e1mara, Wuilfredo Carrasco, declar\u00f3 que las tarifas aplicadas suben constantemente sin explicaci\u00f3n o justificaci\u00f3n conocida, lo que dificulta progresivamente la cancelaci\u00f3n del servicio. El gremio empresarial requiere una revisi\u00f3n y adecuaci\u00f3n racional, sensata y transparente.<\/p>\n\n\n\n<p>Hace poco vivimos una situaci\u00f3n natural que afect\u00f3 al coraz\u00f3n comercial de nuestra capital y a\u00fan hay negocios cerrados, que est\u00e1n recibiendo facturas de servicio el\u00e9ctrico que no ha sido prestado durante el per\u00edodo que estuvieron cerrados por el Decreto de emergencia debido a la crecida del R\u00edo Orinoco o porque a\u00fan tienen agua en sus instalaciones y ahora el recibo vino por montos mayores al 50 por ciento.<\/p>\n\n\n\n<p>\u201cTenemos una realidad, que creemos que las instituciones deben tomar en cuenta. Los comerciantes no se niegan a pagar pero pedimos la consideraci\u00f3n a aquellos que estuvieron cerrados por la crecida del R\u00edo Orinoco desde el mes de agosto y por aquellos que a\u00fan est\u00e1n afectados\u201d.<\/p>\n\n\n\n<p>Carrasco agreg\u00f3 que se entreg\u00f3 un censo de los comerciantes afectados a Corpoelec en Ciudad Bol\u00edvar y se est\u00e1 esperando respuesta sobre la condonaci\u00f3n o exoneraci\u00f3n parcial durante el tiempo que los locales estuvieron cerrados.<\/p>\n\n\n\n<p>El dirigente gremial se\u00f1al\u00f3 que en agosto Corpoelec aument\u00f3 su facturaci\u00f3n en 20%, en septiembre su aumento super\u00f3 m\u00e1s del 50 %. Enfatiz\u00f3 que es necesario gestionar y dar respuesta a estos requerimientos de los suscriptores, sobre todo considerar esos aumentos de tarifas desproporcionados que incrementan los gastos de las empresas.<\/p>\n\n\n\n<p>\u201cCiudad Bol\u00edvar no puede soportar esa carga a su econom\u00eda. Se podr\u00edan perder empresas, puestos de trabajo. Esperamos una pronta y urgente rectificaci\u00f3n\u201d.<\/p>\n\n\n\n<p>Carrasco se\u00f1al\u00f3 que siguen esperando respuesta con respecto al formato de Resarcimiento por Da\u00f1os contemplado en la ley para los equipos afectados o da\u00f1ados por las fallas del servicio el\u00e9ctrico.<\/p>\n\n\n\n<p>Con informaci\u00f3n de Prensa CCIEB<\/p>\n","protected":false},"excerpt":{"rendered":"<p>La Junta Directiva de la C\u00e1mara de Comercio e Industrias del Estado Bol\u00edvar en representaci\u00f3n del sector industrial, comercial, empresarial est\u00e1 preocupada por la incidencia de sus servicios y tarifas en la econom\u00eda, la existencia misma del sector productivo y el sustento de la comunidad. El presidente de la C\u00e1mara, Wuilfredo Carrasco, declar\u00f3 que las [&hellip;]<\/p>\n","protected":false},"author":38,"featured_media":293347,"comment_status":"closed","ping_status":"","sticky":false,"template":"","format":"standard","meta":{"footnotes":""},"categories":[5,12],"tags":[185,306,105],"class_list":{"0":"post-293346","1":"post","2":"type-post","3":"status-publish","4":"format-standard","5":"has-post-thumbnail","7":"category-destacado","8":"category-regionales","9":"tag-bolivar","10":"tag-ciudad-bolivar","11":"tag-venezuela"},"_links":{"self":[{"href":"https:\/\/elluchador.info\/index.php?rest_route=\/wp\/v2\/posts\/293346","targetHints":{"allow":["GET"]}}],"collection":[{"href":"https:\/\/elluchador.info\/index.php?rest_route=\/wp\/v2\/posts"}],"about":[{"href":"https:\/\/elluchador.info\/index.php?rest_route=\/wp\/v2\/types\/post"}],"author":[{"embeddable":true,"href":"https:\/\/elluchador.info\/index.php?rest_route=\/wp\/v2\/users\/38"}],"replies":[{"embeddable":true,"href":"https:\/\/elluchador.info\/index.php?rest_route=%2Fwp%2Fv2%2Fcomments&post=293346"}],"version-history":[{"count":1,"href":"https:\/\/elluchador.info\/index.php?rest_route=\/wp\/v2\/posts\/293346\/revisions"}],"predecessor-version":[{"id":293348,"href":"https:\/\/elluchador.info\/index.php?rest_route=\/wp\/v2\/posts\/293346\/revisions\/293348"}],"wp:featuredmedia":[{"embeddable":true,"href":"https:\/\/elluchador.info\/index.php?rest_route=\/wp\/v2\/media\/293347"}],"wp:attachment":[{"href":"https:\/\/elluchador.info\/index.php?rest_route=%2Fwp%2Fv2%2Fmedia&parent=293346"}],"wp:term":[{"taxonomy":"category","embeddable":true,"href":"https:\/\/elluchador.info\/index.php?rest_route=%2Fwp%2Fv2%2Fcategories&post=293346"},{"taxonomy":"post_tag","embeddable":true,"href":"https:\/\/elluchador.info\/index.php?rest_route=%2Fwp%2Fv2%2Ftags&post=293346"}],"curies":[{"name":"wp","href":"https:\/\/api.w.org\/{rel}","templated":true}]}}