{"id":293349,"date":"2025-10-27T08:30:00","date_gmt":"2025-10-27T12:30:00","guid":{"rendered":"https:\/\/elluchador.info\/?p=293349"},"modified":"2025-10-27T08:21:35","modified_gmt":"2025-10-27T12:21:35","slug":"con-caminata-y-eucaristia-avec-ciudad-bolivar-celebro-sus-80-anos","status":"publish","type":"post","link":"https:\/\/elluchador.info\/?p=293349","title":{"rendered":"Con caminata y eucarist\u00eda AVEC Ciudad Bol\u00edvar celebr\u00f3 sus 80 a\u00f1os"},"content":{"rendered":"\n<p>Con una caminata que recorri\u00f3 diferentes puntos de la ciudad y una Eucarist\u00eda que tuvo lugar en la iglesia La Milagrosa, docentes, estudiantes, representantes y todo el personal que labora en los planteles afiliados a la Asociaci\u00f3n Venezuela de Educaci\u00f3n Cat\u00f3lica (AVEC) en Ciudad Bol\u00edvar celebraron 80 a\u00f1os del proyecto pastoral a trav\u00e9s de la educaci\u00f3n, educando bajo la fe y la transformaci\u00f3n.<\/p>\n\n\n\n<p>\u201cLa AVEC celebra con profunda alegr\u00eda sus 80 a\u00f1os de servicio educativo en Venezuela. Desde 1945, hemos sido testigos del poder transformador de la educaci\u00f3n inspirada en el Evangelio, formando generaciones de ciudadanos comprometidos con el bien com\u00fan, la justicia y la paz\u201d, expres\u00f3 C\u00e9sar Planchart, presidente de la AVEC Ciudad Bol\u00edvar.<\/p>\n\n\n\n<p>Una celebraci\u00f3n que coincide con la canonizaci\u00f3n del doctor Jos\u00e9 Gregorio Hern\u00e1ndez y la madre Carmen Rendiles, para un mayor j\u00fabilo, y que exalta ocho d\u00e9cadas formando en valores para la vida.<\/p>\n\n\n\n<p>Con consignas y un ambiente marcado por la alegr\u00eda, la familia AVEC recorri\u00f3 la ciudad, en la gran caminata a la que se sum\u00f3 el personal Irfa Educomunicaci\u00f3n.<br>M\u00e1s tarde, la celebraci\u00f3n eucar\u00edstica, que fue conducida por el padre Hermes Bastidas, se convirti\u00f3 en un momento de encuentro, de acci\u00f3n de gracias y de renovaci\u00f3n espiritual.<\/p>\n\n\n\n<p>\u201cNos reunimos como comunidad, para elevar nuestras voces al Se\u00f1or, reconociendo su fidelidad en cada paso de este camino y pidiendo su gu\u00eda para los a\u00f1os venideros\u201d, agreg\u00f3 Planchart, quien finalmente resalt\u00f3 los nuevos retos de la educaci\u00f3n actual y record\u00f3 el compromiso de la AVEC en continuar con su misi\u00f3n de educar para la vida, \u201cofreciendo cooperativamente a la comunidad venezolana una educaci\u00f3n de excelencia, centrada en los valores evang\u00e9licos, en proceso constante de superaci\u00f3n y generadora de cambios significativos\u201d.<\/p>\n\n\n\n<p>Vale destacar que, la Asociaci\u00f3n Venezuela de Educaci\u00f3n Cat\u00f3lica es una organizaci\u00f3n civil, sin fines de lucro, fundada el 18 de octubre de 1945, y agrupa a todas aquellas instituciones educativas que voluntariamente piden asociarse y que se definen por un proyecto educativo de calidad evangelizador, de compromiso creyente y de cambio social.<\/p>\n\n\n\n<p><strong>Gledis Bonilla<\/strong><\/p>\n","protected":false},"excerpt":{"rendered":"<p>Con una caminata que recorri\u00f3 diferentes puntos de la ciudad y una Eucarist\u00eda que tuvo lugar en la iglesia La Milagrosa, docentes, estudiantes, representantes y todo el personal que labora en los planteles afiliados a la Asociaci\u00f3n Venezuela de Educaci\u00f3n Cat\u00f3lica (AVEC) en Ciudad Bol\u00edvar celebraron 80 a\u00f1os del proyecto pastoral a trav\u00e9s de la [&hellip;]<\/p>\n","protected":false},"author":38,"featured_media":293351,"comment_status":"closed","ping_status":"closed","sticky":false,"template":"","format":"standard","meta":{"footnotes":""},"categories":[20],"tags":[185,306,105],"class_list":{"0":"post-293349","1":"post","2":"type-post","3":"status-publish","4":"format-standard","5":"has-post-thumbnail","7":"category-municipal","8":"tag-bolivar","9":"tag-ciudad-bolivar","10":"tag-venezuela"},"_links":{"self":[{"href":"https:\/\/elluchador.info\/index.php?rest_route=\/wp\/v2\/posts\/293349","targetHints":{"allow":["GET"]}}],"collection":[{"href":"https:\/\/elluchador.info\/index.php?rest_route=\/wp\/v2\/posts"}],"about":[{"href":"https:\/\/elluchador.info\/index.php?rest_route=\/wp\/v2\/types\/post"}],"author":[{"embeddable":true,"href":"https:\/\/elluchador.info\/index.php?rest_route=\/wp\/v2\/users\/38"}],"replies":[{"embeddable":true,"href":"https:\/\/elluchador.info\/index.php?rest_route=%2Fwp%2Fv2%2Fcomments&post=293349"}],"version-history":[{"count":1,"href":"https:\/\/elluchador.info\/index.php?rest_route=\/wp\/v2\/posts\/293349\/revisions"}],"predecessor-version":[{"id":293352,"href":"https:\/\/elluchador.info\/index.php?rest_route=\/wp\/v2\/posts\/293349\/revisions\/293352"}],"wp:featuredmedia":[{"embeddable":true,"href":"https:\/\/elluchador.info\/index.php?rest_route=\/wp\/v2\/media\/293351"}],"wp:attachment":[{"href":"https:\/\/elluchador.info\/index.php?rest_route=%2Fwp%2Fv2%2Fmedia&parent=293349"}],"wp:term":[{"taxonomy":"category","embeddable":true,"href":"https:\/\/elluchador.info\/index.php?rest_route=%2Fwp%2Fv2%2Fcategories&post=293349"},{"taxonomy":"post_tag","embeddable":true,"href":"https:\/\/elluchador.info\/index.php?rest_route=%2Fwp%2Fv2%2Ftags&post=293349"}],"curies":[{"name":"wp","href":"https:\/\/api.w.org\/{rel}","templated":true}]}}