{"id":293360,"date":"2025-10-27T10:04:06","date_gmt":"2025-10-27T14:04:06","guid":{"rendered":"https:\/\/elluchador.info\/?p=293360"},"modified":"2025-10-27T10:04:09","modified_gmt":"2025-10-27T14:04:09","slug":"ivan-cepeda-gana-la-consulta-del-pacto-historico-y-es-candidato-presidencial","status":"publish","type":"post","link":"https:\/\/elluchador.info\/?p=293360","title":{"rendered":"Iv\u00e1n Cepeda gana la Consulta del Pacto Hist\u00f3rico y es candidato presidencial"},"content":{"rendered":"\n<p>En una jornada de consulta popular hist\u00f3rica para la izquierda colombiana, el senador Iv\u00e1n Cepeda Castro se ha confirmado como el ganador de la contienda interna del Pacto Hist\u00f3rico y ser\u00e1 el candidato presidencial de la coalici\u00f3n para las elecciones generales del pr\u00f3ximo a\u00f1o.<\/p>\n\n\n\n<p>\u200bSeg\u00fan el Bolet\u00edn 17 de la Registradur\u00eda Nacional, el resultado es ya irreversible, a pesar de las fallas e irregularidades denunciadas durante el proceso electoral.<\/p>\n\n\n\n<p><strong>\u200bResultados contundentes y respaldo masivo<\/strong><br>\u200bCepeda se impuso con una ventaja de 34 puntos porcentuales sobre la segunda candidata m\u00e1s votada, Carolina Corcho. El senador acopia el 64.02% de los votos, lo que equivale a un total de 800.839 sufragios, con 15.958 mesas procesadas de las m\u00e1s de 19.000 instaladas. El total de votantes en la consulta fue de 1.428.648.<\/p>\n\n\n\n<p>\u200bLa victoria de Cepeda y la masiva participaci\u00f3n ratificaron el amplio respaldo popular a la coalici\u00f3n de izquierda, integrada por el Polo Democr\u00e1tico, la Uni\u00f3n Patri\u00f3tica, el Partido Comunista Colombiano y otras fuerzas pol\u00edticas.<\/p>\n\n\n\n<p>\u200bTras conocerse los resultados, el presidente de Colombia, Gustavo Petro, celebr\u00f3 el triunfo de la democracia interna a trav\u00e9s de sus redes sociales.<\/p>\n\n\n\n<p>\u00abSe impone la democracia y hay que obedecerla. El pueblo ha elegido libre. Y ahora es lo que la sociedad colombiana quiera, si para atr\u00e1s o para adelante\u00bb, sentenci\u00f3 el mandatario, en referencia al pr\u00f3ximo reto electoral que enfrentar\u00e1 el nuevo candidato.<br>\u200b<br>Con informaci\u00f3n de <strong>agencias<\/strong><\/p>\n","protected":false},"excerpt":{"rendered":"<p>En una jornada de consulta popular hist\u00f3rica para la izquierda colombiana, el senador Iv\u00e1n Cepeda Castro se ha confirmado como el ganador de la contienda interna del Pacto Hist\u00f3rico y ser\u00e1 el candidato presidencial de la coalici\u00f3n para las elecciones generales del pr\u00f3ximo a\u00f1o. \u200bSeg\u00fan el Bolet\u00edn 17 de la Registradur\u00eda Nacional, el resultado es [&hellip;]<\/p>\n","protected":false},"author":38,"featured_media":293361,"comment_status":"closed","ping_status":"closed","sticky":false,"template":"","format":"standard","meta":{"footnotes":""},"categories":[11],"tags":[448],"class_list":{"0":"post-293360","1":"post","2":"type-post","3":"status-publish","4":"format-standard","5":"has-post-thumbnail","7":"category-politica","8":"tag-mundo"},"_links":{"self":[{"href":"https:\/\/elluchador.info\/index.php?rest_route=\/wp\/v2\/posts\/293360","targetHints":{"allow":["GET"]}}],"collection":[{"href":"https:\/\/elluchador.info\/index.php?rest_route=\/wp\/v2\/posts"}],"about":[{"href":"https:\/\/elluchador.info\/index.php?rest_route=\/wp\/v2\/types\/post"}],"author":[{"embeddable":true,"href":"https:\/\/elluchador.info\/index.php?rest_route=\/wp\/v2\/users\/38"}],"replies":[{"embeddable":true,"href":"https:\/\/elluchador.info\/index.php?rest_route=%2Fwp%2Fv2%2Fcomments&post=293360"}],"version-history":[{"count":1,"href":"https:\/\/elluchador.info\/index.php?rest_route=\/wp\/v2\/posts\/293360\/revisions"}],"predecessor-version":[{"id":293362,"href":"https:\/\/elluchador.info\/index.php?rest_route=\/wp\/v2\/posts\/293360\/revisions\/293362"}],"wp:featuredmedia":[{"embeddable":true,"href":"https:\/\/elluchador.info\/index.php?rest_route=\/wp\/v2\/media\/293361"}],"wp:attachment":[{"href":"https:\/\/elluchador.info\/index.php?rest_route=%2Fwp%2Fv2%2Fmedia&parent=293360"}],"wp:term":[{"taxonomy":"category","embeddable":true,"href":"https:\/\/elluchador.info\/index.php?rest_route=%2Fwp%2Fv2%2Fcategories&post=293360"},{"taxonomy":"post_tag","embeddable":true,"href":"https:\/\/elluchador.info\/index.php?rest_route=%2Fwp%2Fv2%2Ftags&post=293360"}],"curies":[{"name":"wp","href":"https:\/\/api.w.org\/{rel}","templated":true}]}}