{"id":293366,"date":"2025-10-27T10:15:00","date_gmt":"2025-10-27T14:15:00","guid":{"rendered":"https:\/\/elluchador.info\/?p=293366"},"modified":"2025-10-27T10:07:22","modified_gmt":"2025-10-27T14:07:22","slug":"dos-hermanos-detenidos-por-abuso-sexual-a-menor-de-11-anos-en-lara","status":"publish","type":"post","link":"https:\/\/elluchador.info\/?p=293366","title":{"rendered":"Dos hermanos detenidos por abuso sexual a menor de 11 a\u00f1os en Lara"},"content":{"rendered":"\n<p>El Fiscal General de la Rep\u00fablica, Dr. Tarek William Saab, inform\u00f3 sobre la detenci\u00f3n y privaci\u00f3n de libertad de dos individuos identificados como Samir Danilo Gamboa y Daniel Gamboa, por su presunta responsabilidad en el delito de abuso sexual en perjuicio de un ni\u00f1o de 11 a\u00f1os.<\/p>\n\n\n\n<p>\u200bEl lamentable suceso tuvo lugar en el caser\u00edo El Algodonal, perteneciente al municipio Andr\u00e9s Eloy Blanco del estado Lara. Seg\u00fan la informaci\u00f3n oficial, ambos sujetos se habr\u00edan aprovechado de la vulnerabilidad de la v\u00edctima para cometer el grave abuso.<\/p>\n\n\n\n<p>\u200bEl Fiscal General dio a conocer los detalles del caso a trav\u00e9s de su red social Instagram, donde la Fiscal\u00eda General de la Rep\u00fablica suele publicar y ofrecer celeridad a los casos m\u00e1s impactantes y relevantes a nivel nacional.<\/p>\n\n\n\n<p>\u200bEn su declaraci\u00f3n, Saab lament\u00f3 el atroz hecho y destac\u00f3 la gravedad de las consecuencias para el menor. \u00abDejaron secuelas imborrables\u00bb, acot\u00f3 el Fiscal, reafirmando el compromiso del Ministerio P\u00fablico en la lucha contra los delitos que vulneran los derechos de los ni\u00f1os, ni\u00f1as y adolescentes.<\/p>\n\n\n\n<p>\u200bLos detenidos fueron imputados por el delito de abuso sexual a un ni\u00f1o y permanecen privados de libertad a la espera de las actuaciones judiciales correspondientes. El Ministerio P\u00fablico contin\u00faa con las diligencias de investigaci\u00f3n para asegurar que se aplique todo el peso de la ley en este caso.<\/p>\n\n\n\n<p>\u200bCon informaci\u00f3n de agencias<\/p>\n","protected":false},"excerpt":{"rendered":"<p>El Fiscal General de la Rep\u00fablica, Dr. Tarek William Saab, inform\u00f3 sobre la detenci\u00f3n y privaci\u00f3n de libertad de dos individuos identificados como Samir Danilo Gamboa y Daniel Gamboa, por su presunta responsabilidad en el delito de abuso sexual en perjuicio de un ni\u00f1o de 11 a\u00f1os. \u200bEl lamentable suceso tuvo lugar en el caser\u00edo [&hellip;]<\/p>\n","protected":false},"author":38,"featured_media":293367,"comment_status":"closed","ping_status":"closed","sticky":false,"template":"","format":"standard","meta":{"footnotes":""},"categories":[13],"tags":[105],"class_list":{"0":"post-293366","1":"post","2":"type-post","3":"status-publish","4":"format-standard","5":"has-post-thumbnail","7":"category-sucesos","8":"tag-venezuela"},"_links":{"self":[{"href":"https:\/\/elluchador.info\/index.php?rest_route=\/wp\/v2\/posts\/293366","targetHints":{"allow":["GET"]}}],"collection":[{"href":"https:\/\/elluchador.info\/index.php?rest_route=\/wp\/v2\/posts"}],"about":[{"href":"https:\/\/elluchador.info\/index.php?rest_route=\/wp\/v2\/types\/post"}],"author":[{"embeddable":true,"href":"https:\/\/elluchador.info\/index.php?rest_route=\/wp\/v2\/users\/38"}],"replies":[{"embeddable":true,"href":"https:\/\/elluchador.info\/index.php?rest_route=%2Fwp%2Fv2%2Fcomments&post=293366"}],"version-history":[{"count":1,"href":"https:\/\/elluchador.info\/index.php?rest_route=\/wp\/v2\/posts\/293366\/revisions"}],"predecessor-version":[{"id":293368,"href":"https:\/\/elluchador.info\/index.php?rest_route=\/wp\/v2\/posts\/293366\/revisions\/293368"}],"wp:featuredmedia":[{"embeddable":true,"href":"https:\/\/elluchador.info\/index.php?rest_route=\/wp\/v2\/media\/293367"}],"wp:attachment":[{"href":"https:\/\/elluchador.info\/index.php?rest_route=%2Fwp%2Fv2%2Fmedia&parent=293366"}],"wp:term":[{"taxonomy":"category","embeddable":true,"href":"https:\/\/elluchador.info\/index.php?rest_route=%2Fwp%2Fv2%2Fcategories&post=293366"},{"taxonomy":"post_tag","embeddable":true,"href":"https:\/\/elluchador.info\/index.php?rest_route=%2Fwp%2Fv2%2Ftags&post=293366"}],"curies":[{"name":"wp","href":"https:\/\/api.w.org\/{rel}","templated":true}]}}