{"id":293369,"date":"2025-10-27T10:30:00","date_gmt":"2025-10-27T14:30:00","guid":{"rendered":"https:\/\/elluchador.info\/?p=293369"},"modified":"2025-10-27T10:11:24","modified_gmt":"2025-10-27T14:11:24","slug":"presentan-propuesta-de-himno-oficial-para-el-estado-guayana-esequiba","status":"publish","type":"post","link":"https:\/\/elluchador.info\/?p=293369","title":{"rendered":"Presentan propuesta de Himno oficial para el Estado Guayana Esequiba"},"content":{"rendered":"\n<p>En un acto de profunda significaci\u00f3n para la construcci\u00f3n de la identidad institucional de la nueva entidad territorial, fue presentada la propuesta del Himno del Estado Guayana Esequiba, una composici\u00f3n musical que aspira a convertirse en el s\u00edmbolo sonoro del estado.<\/p>\n\n\n\n<p>\u200bLa ceremonia oficial se llev\u00f3 a cabo en el Centro Acad\u00e9mico Regional de Orquestas de Upata y cont\u00f3 con la presencia del gobernador Neil Villamizar, autoridades regionales, representantes comunitarios y del poder legislativo.<\/p>\n\n\n\n<p>\u200bLa pieza fue interpretada por primera vez ante el p\u00fablico por talentosos j\u00f3venes m\u00fasicos del Sistema Nacional de Coros y Orquestas. El momento cumbre de la jornada fue la entrega formal de las partituras y la letra del himno por parte del profesor y compositor Fernando Rivas al mandatario regional.<\/p>\n\n\n\n<p>\u200bEl gobernador Villamizar destac\u00f3 que la composici\u00f3n es el resultado de una amplia consulta popular que incluy\u00f3 aportes de comunidades ind\u00edgenas y criollas, logrando reflejar las expresiones culturales propias del territorio. \u201cEsta composici\u00f3n representa la voz del pueblo esequibano y reafirma nuestro v\u00ednculo hist\u00f3rico y cultural con la naci\u00f3n\u201d, afirm\u00f3.<\/p>\n\n\n\n<p>\u200bLa propuesta del himno se enmarca dentro del proceso de creaci\u00f3n de la Ley de S\u00edmbolos del Estado Guayana Esequiba, la cual tambi\u00e9n contempla el dise\u00f1o de la bandera y el escudo oficiales.<\/p>\n\n\n\n<p>\u200bEl compositor Fernando Rivas calific\u00f3 el proyecto como un \u201creto hermoso\u201d, resaltando el esfuerzo por transmitir en cada nota un sentimiento de orgullo, esperanza y unidad nacional. Por su parte, Arsenio Gonz\u00e1lez, presidente del Consejo Legislativo Estadal, se\u00f1al\u00f3 que la letra de la pieza recoge el esp\u00edritu de resistencia y pertenencia del pueblo esequibano.<\/p>\n\n\n\n<p>\u200bLas autoridades informaron que se continuar\u00e1 con las consultas t\u00e9cnicas y comunitarias necesarias para perfeccionar los tres s\u00edmbolos. Una vez finalizado el proceso de validaci\u00f3n, ser\u00e1n presentados ante instancias nacionales, como parte del fortalecimiento institucional del estado.<\/p>\n\n\n\n<p>Con informaci\u00f3n de <strong>agencias<\/strong><\/p>\n","protected":false},"excerpt":{"rendered":"<p>En un acto de profunda significaci\u00f3n para la construcci\u00f3n de la identidad institucional de la nueva entidad territorial, fue presentada la propuesta del Himno del Estado Guayana Esequiba, una composici\u00f3n musical que aspira a convertirse en el s\u00edmbolo sonoro del estado. \u200bLa ceremonia oficial se llev\u00f3 a cabo en el Centro Acad\u00e9mico Regional de Orquestas [&hellip;]<\/p>\n","protected":false},"author":38,"featured_media":293370,"comment_status":"closed","ping_status":"closed","sticky":false,"template":"","format":"standard","meta":{"footnotes":""},"categories":[12],"tags":[105],"class_list":{"0":"post-293369","1":"post","2":"type-post","3":"status-publish","4":"format-standard","5":"has-post-thumbnail","7":"category-regionales","8":"tag-venezuela"},"_links":{"self":[{"href":"https:\/\/elluchador.info\/index.php?rest_route=\/wp\/v2\/posts\/293369","targetHints":{"allow":["GET"]}}],"collection":[{"href":"https:\/\/elluchador.info\/index.php?rest_route=\/wp\/v2\/posts"}],"about":[{"href":"https:\/\/elluchador.info\/index.php?rest_route=\/wp\/v2\/types\/post"}],"author":[{"embeddable":true,"href":"https:\/\/elluchador.info\/index.php?rest_route=\/wp\/v2\/users\/38"}],"replies":[{"embeddable":true,"href":"https:\/\/elluchador.info\/index.php?rest_route=%2Fwp%2Fv2%2Fcomments&post=293369"}],"version-history":[{"count":1,"href":"https:\/\/elluchador.info\/index.php?rest_route=\/wp\/v2\/posts\/293369\/revisions"}],"predecessor-version":[{"id":293371,"href":"https:\/\/elluchador.info\/index.php?rest_route=\/wp\/v2\/posts\/293369\/revisions\/293371"}],"wp:featuredmedia":[{"embeddable":true,"href":"https:\/\/elluchador.info\/index.php?rest_route=\/wp\/v2\/media\/293370"}],"wp:attachment":[{"href":"https:\/\/elluchador.info\/index.php?rest_route=%2Fwp%2Fv2%2Fmedia&parent=293369"}],"wp:term":[{"taxonomy":"category","embeddable":true,"href":"https:\/\/elluchador.info\/index.php?rest_route=%2Fwp%2Fv2%2Fcategories&post=293369"},{"taxonomy":"post_tag","embeddable":true,"href":"https:\/\/elluchador.info\/index.php?rest_route=%2Fwp%2Fv2%2Ftags&post=293369"}],"curies":[{"name":"wp","href":"https:\/\/api.w.org\/{rel}","templated":true}]}}