{"id":293418,"date":"2025-10-27T16:52:04","date_gmt":"2025-10-27T20:52:04","guid":{"rendered":"https:\/\/elluchador.info\/?p=293418"},"modified":"2025-10-27T16:52:22","modified_gmt":"2025-10-27T20:52:22","slug":"ecuador-y-estados-unidos-interceptan-embarcaciones-con-armas","status":"publish","type":"post","link":"https:\/\/elluchador.info\/?p=293418","title":{"rendered":"Ecuador y Estados Unidos interceptan embarcaciones con armas"},"content":{"rendered":"\n<p>La Polic\u00eda Nacional de Ecuador, \u00aben trabajo coordinado con Estados Unidos\u00bb, intercept\u00f3 embarcaciones en alta mar que \u00abtransportaban bultos que conten\u00edan armas de fuego y que pretend\u00edan ser ingresados al pa\u00eds de forma ilegal\u00bb, indic\u00f3 este lunes el ministro del Interior, John Reimberg, en la red social X.<\/p>\n\n\n\n<p>El funcionario agreg\u00f3 que \u00abse coordin\u00f3 con la Armada de Ecuador para el traslado del armamento decomisado a puerto ecuatoriano\u00bb y avanz\u00f3 que el cargamento ser\u00eda llevado a Gal\u00e1pagos, a unos 1.000 kil\u00f3metros de las costas del pa\u00eds suramericano.<\/p>\n\n\n\n<p>Ecuador atraviesa una escalada de violencia sin precedentes, propiciada por el incremento de la actividad de bandas criminales organizadas, vinculadas al narcotr\u00e1fico y la miner\u00eda ilegal, entre otras actividades delictivas, seg\u00fan el gobierno.<\/p>\n\n\n\n<p>Esa situaci\u00f3n llev\u00f3 al presidente Daniel Noboa a declarar un \u00abconflicto armado interno\u00bb en enero de 2024 contra las estructuras criminales, a las que califica de \u00abterroristas\u00bb.<\/p>\n\n\n\n<p>Con informaci\u00f3n <strong>Agencias.-<\/strong><\/p>\n","protected":false},"excerpt":{"rendered":"<p>La Polic\u00eda Nacional de Ecuador, \u00aben trabajo coordinado con Estados Unidos\u00bb, intercept\u00f3 embarcaciones en alta mar que \u00abtransportaban bultos que conten\u00edan armas de fuego y que pretend\u00edan ser ingresados al pa\u00eds de forma ilegal\u00bb, indic\u00f3 este lunes el ministro del Interior, John Reimberg, en la red social X. El funcionario agreg\u00f3 que \u00abse coordin\u00f3 con [&hellip;]<\/p>\n","protected":false},"author":33,"featured_media":293419,"comment_status":"closed","ping_status":"closed","sticky":false,"template":"","format":"standard","meta":{"footnotes":""},"categories":[8],"tags":[1068,721],"class_list":{"0":"post-293418","1":"post","2":"type-post","3":"status-publish","4":"format-standard","5":"has-post-thumbnail","7":"category-internacionales","8":"tag-armas","9":"tag-ecuador"},"_links":{"self":[{"href":"https:\/\/elluchador.info\/index.php?rest_route=\/wp\/v2\/posts\/293418","targetHints":{"allow":["GET"]}}],"collection":[{"href":"https:\/\/elluchador.info\/index.php?rest_route=\/wp\/v2\/posts"}],"about":[{"href":"https:\/\/elluchador.info\/index.php?rest_route=\/wp\/v2\/types\/post"}],"author":[{"embeddable":true,"href":"https:\/\/elluchador.info\/index.php?rest_route=\/wp\/v2\/users\/33"}],"replies":[{"embeddable":true,"href":"https:\/\/elluchador.info\/index.php?rest_route=%2Fwp%2Fv2%2Fcomments&post=293418"}],"version-history":[{"count":1,"href":"https:\/\/elluchador.info\/index.php?rest_route=\/wp\/v2\/posts\/293418\/revisions"}],"predecessor-version":[{"id":293420,"href":"https:\/\/elluchador.info\/index.php?rest_route=\/wp\/v2\/posts\/293418\/revisions\/293420"}],"wp:featuredmedia":[{"embeddable":true,"href":"https:\/\/elluchador.info\/index.php?rest_route=\/wp\/v2\/media\/293419"}],"wp:attachment":[{"href":"https:\/\/elluchador.info\/index.php?rest_route=%2Fwp%2Fv2%2Fmedia&parent=293418"}],"wp:term":[{"taxonomy":"category","embeddable":true,"href":"https:\/\/elluchador.info\/index.php?rest_route=%2Fwp%2Fv2%2Fcategories&post=293418"},{"taxonomy":"post_tag","embeddable":true,"href":"https:\/\/elluchador.info\/index.php?rest_route=%2Fwp%2Fv2%2Ftags&post=293418"}],"curies":[{"name":"wp","href":"https:\/\/api.w.org\/{rel}","templated":true}]}}