{"id":293428,"date":"2025-10-27T19:44:27","date_gmt":"2025-10-27T23:44:27","guid":{"rendered":"https:\/\/elluchador.info\/?p=293428"},"modified":"2025-10-27T19:44:39","modified_gmt":"2025-10-27T23:44:39","slug":"cuba-declara-fase-de-alerta-ante-proxima-llegada-del-huracan-melissa","status":"publish","type":"post","link":"https:\/\/elluchador.info\/?p=293428","title":{"rendered":"Cuba declara fase de alerta ante pr\u00f3xima llegada del hurac\u00e1n Melissa"},"content":{"rendered":"\n<p>\u200eEl Estado Mayor de la Defensa Civil de Cuba decret\u00f3 este lunes, 27 de octubre, la fase de alarma en las provincias orientales de la isla, ante la espera del impacto del hurac\u00e1n Melissa, que ya es de categor\u00eda 5 y se espera que llegue a territorio cubano el mi\u00e9rcoles.<br>\u200e<br>\u200eLa Defensa Civil indic\u00f3 en un comunicado que est\u00e1n bajo alarma las provincias del este Guant\u00e1namo, Santiago de Cuba, Holgu\u00edn, Granma, Las Tunas y Camag\u00fcey. Adem\u00e1s, las regiones centrales de Ciego de \u00c1vila y Sancti Sp\u00edritus pasaron a \u00abalerta cicl\u00f3nica\u00bb.<br>\u200e<br>\u200eMelissa se desplaza con vientos m\u00e1ximos sostenidos de 260 kil\u00f3metros por hora. Se prev\u00e9 que golpee Jamaica y posteriormente Cuba.<br>\u200e<br>\u200eLa Defensa Civil cubana exhort\u00f3 a la poblaci\u00f3n a mantenerse informada sobre el desarrollo del hurac\u00e1n.<br>\u200e<br>\u200eCon informaci\u00f3n <strong>Agencias-.<\/strong><\/p>\n","protected":false},"excerpt":{"rendered":"<p>\u200eEl Estado Mayor de la Defensa Civil de Cuba decret\u00f3 este lunes, 27 de octubre, la fase de alarma en las provincias orientales de la isla, ante la espera del impacto del hurac\u00e1n Melissa, que ya es de categor\u00eda 5 y se espera que llegue a territorio cubano el mi\u00e9rcoles.\u200e\u200eLa Defensa Civil indic\u00f3 en un [&hellip;]<\/p>\n","protected":false},"author":33,"featured_media":293429,"comment_status":"closed","ping_status":"closed","sticky":false,"template":"","format":"standard","meta":{"footnotes":""},"categories":[5,8],"tags":[3727,451,5257],"class_list":{"0":"post-293428","1":"post","2":"type-post","3":"status-publish","4":"format-standard","5":"has-post-thumbnail","7":"category-destacado","8":"category-internacionales","9":"tag-ciclon","10":"tag-cuba","11":"tag-melissa"},"_links":{"self":[{"href":"https:\/\/elluchador.info\/index.php?rest_route=\/wp\/v2\/posts\/293428","targetHints":{"allow":["GET"]}}],"collection":[{"href":"https:\/\/elluchador.info\/index.php?rest_route=\/wp\/v2\/posts"}],"about":[{"href":"https:\/\/elluchador.info\/index.php?rest_route=\/wp\/v2\/types\/post"}],"author":[{"embeddable":true,"href":"https:\/\/elluchador.info\/index.php?rest_route=\/wp\/v2\/users\/33"}],"replies":[{"embeddable":true,"href":"https:\/\/elluchador.info\/index.php?rest_route=%2Fwp%2Fv2%2Fcomments&post=293428"}],"version-history":[{"count":1,"href":"https:\/\/elluchador.info\/index.php?rest_route=\/wp\/v2\/posts\/293428\/revisions"}],"predecessor-version":[{"id":293430,"href":"https:\/\/elluchador.info\/index.php?rest_route=\/wp\/v2\/posts\/293428\/revisions\/293430"}],"wp:featuredmedia":[{"embeddable":true,"href":"https:\/\/elluchador.info\/index.php?rest_route=\/wp\/v2\/media\/293429"}],"wp:attachment":[{"href":"https:\/\/elluchador.info\/index.php?rest_route=%2Fwp%2Fv2%2Fmedia&parent=293428"}],"wp:term":[{"taxonomy":"category","embeddable":true,"href":"https:\/\/elluchador.info\/index.php?rest_route=%2Fwp%2Fv2%2Fcategories&post=293428"},{"taxonomy":"post_tag","embeddable":true,"href":"https:\/\/elluchador.info\/index.php?rest_route=%2Fwp%2Fv2%2Ftags&post=293428"}],"curies":[{"name":"wp","href":"https:\/\/api.w.org\/{rel}","templated":true}]}}