{"id":293431,"date":"2025-10-27T21:37:44","date_gmt":"2025-10-28T01:37:44","guid":{"rendered":"https:\/\/elluchador.info\/?p=293431"},"modified":"2025-10-27T21:37:50","modified_gmt":"2025-10-28T01:37:50","slug":"maduro-aprueba-suspension-del-acuerdo-energetico-con-trinidad-y-tobago","status":"publish","type":"post","link":"https:\/\/elluchador.info\/?p=293431","title":{"rendered":"Maduro aprueba suspensi\u00f3n del acuerdo energ\u00e9tico con Trinidad y Tobago"},"content":{"rendered":"\n<p>\u200e\u201cHe aprobado la medida cautelar de suspender inmediatamente todos los efectos del acuerdo energ\u00e9tico y todo lo convenido en esta materia con Trinidad y Tobago. Es una medida cautelar a la cual tengo la potestad como presidente, he aprobado y firmado, suspendido todo\u201d, inform\u00f3 el presidente Nicol\u00e1s Maduro. <\/p>\n\n\n\n<p>\u200e\u201cTrinidad y Tobago agot\u00f3 toda la reserva de gas, se qued\u00f3 sin gas y nosotros, como muestra Bolivariana de hermandad y solidaridad, hab\u00edamos mantenido este acuerdo energ\u00e9tico, pero ante la amenaza de la primera ministra de Trinidad y Tobago de convertirla en el portaviones del imperio estadounidense contra Venezuela y contra Suram\u00e9rica, queda una sola alternativa\u201d, expres\u00f3 Maduro.<br>\u200e<br>\u200eAsimismo, revel\u00f3 que la propuesta de suspensi\u00f3n fue presentada por la directiva de Petr\u00f3leos de Venezuela S.A. (PDVSA) y del sector de Hidrocarburos, quienes recomendaron denunciar el convenio suscrito a\u00f1os atr\u00e1s para el desarrollo conjunto de bloques gas\u00edferos. \u201cLa directiva de PDVSA y de Hidrocarburos me hab\u00eda hecho la propuesta de denunciar el acuerdo energ\u00e9tico que firmamos con mucha ilusi\u00f3n hace a\u00f1os, para el desarrollo de los bloques de gas compartido que Venezuela tiene\u201d.<br>\u200e<br>\u200eCon informaci\u00f3n <strong>VTV<\/strong><\/p>\n","protected":false},"excerpt":{"rendered":"<p>\u200e\u201cHe aprobado la medida cautelar de suspender inmediatamente todos los efectos del acuerdo energ\u00e9tico y todo lo convenido en esta materia con Trinidad y Tobago. Es una medida cautelar a la cual tengo la potestad como presidente, he aprobado y firmado, suspendido todo\u201d, inform\u00f3 el presidente Nicol\u00e1s Maduro. \u200e\u201cTrinidad y Tobago agot\u00f3 toda la reserva [&hellip;]<\/p>\n","protected":false},"author":33,"featured_media":293432,"comment_status":"closed","ping_status":"closed","sticky":false,"template":"","format":"standard","meta":{"footnotes":""},"categories":[5,9],"tags":[624,105],"class_list":{"0":"post-293431","1":"post","2":"type-post","3":"status-publish","4":"format-standard","5":"has-post-thumbnail","7":"category-destacado","8":"category-nacionales","9":"tag-trinidad-y-tobago","10":"tag-venezuela"},"_links":{"self":[{"href":"https:\/\/elluchador.info\/index.php?rest_route=\/wp\/v2\/posts\/293431","targetHints":{"allow":["GET"]}}],"collection":[{"href":"https:\/\/elluchador.info\/index.php?rest_route=\/wp\/v2\/posts"}],"about":[{"href":"https:\/\/elluchador.info\/index.php?rest_route=\/wp\/v2\/types\/post"}],"author":[{"embeddable":true,"href":"https:\/\/elluchador.info\/index.php?rest_route=\/wp\/v2\/users\/33"}],"replies":[{"embeddable":true,"href":"https:\/\/elluchador.info\/index.php?rest_route=%2Fwp%2Fv2%2Fcomments&post=293431"}],"version-history":[{"count":1,"href":"https:\/\/elluchador.info\/index.php?rest_route=\/wp\/v2\/posts\/293431\/revisions"}],"predecessor-version":[{"id":293433,"href":"https:\/\/elluchador.info\/index.php?rest_route=\/wp\/v2\/posts\/293431\/revisions\/293433"}],"wp:featuredmedia":[{"embeddable":true,"href":"https:\/\/elluchador.info\/index.php?rest_route=\/wp\/v2\/media\/293432"}],"wp:attachment":[{"href":"https:\/\/elluchador.info\/index.php?rest_route=%2Fwp%2Fv2%2Fmedia&parent=293431"}],"wp:term":[{"taxonomy":"category","embeddable":true,"href":"https:\/\/elluchador.info\/index.php?rest_route=%2Fwp%2Fv2%2Fcategories&post=293431"},{"taxonomy":"post_tag","embeddable":true,"href":"https:\/\/elluchador.info\/index.php?rest_route=%2Fwp%2Fv2%2Ftags&post=293431"}],"curies":[{"name":"wp","href":"https:\/\/api.w.org\/{rel}","templated":true}]}}