{"id":293441,"date":"2025-10-28T08:25:00","date_gmt":"2025-10-28T12:25:00","guid":{"rendered":"https:\/\/elluchador.info\/?p=293441"},"modified":"2025-10-28T08:16:45","modified_gmt":"2025-10-28T12:16:45","slug":"gobernadora-inspecciono-asfaltado-en-la-carretera-upata-el-manteco","status":"publish","type":"post","link":"https:\/\/elluchador.info\/?p=293441","title":{"rendered":"Gobernadora inspeccion\u00f3 asfaltado en la carretera Upata-El Manteco"},"content":{"rendered":"\n<p>\u200eComo parte del seguimiento y control de los trabajos en ejecuci\u00f3n, la gobernadora del estado Bol\u00edvar, Yulisbeth Garc\u00eda, junto con la alcaldesa de Piar, Ornella Arbel\u00e1ez, inspeccion\u00f3 el asfaltado de la carretera Upata-El Manteco.<br>\u200e<br>\u200eDestac\u00f3 que en 145 d\u00edas de gesti\u00f3n frente al Ejecutivo regional y trabajando en fusi\u00f3n perfecta con los alcaldes bolivarianos, se han colocado 59.823 toneladas de asfalto en Bol\u00edvar.<br>\u200e<br>\u200e\u201cSe dice f\u00e1cil, pero todo es gracias a las pol\u00edticas y a la mano amiga del presidente Nicol\u00e1s Maduro, al respaldo de la madrina Delcy Rodr\u00edguez, y a la disposici\u00f3n del ministro de Transporte, Ram\u00f3n Vel\u00e1squez Araguay\u00e1n\u201d, se\u00f1al\u00f3 Garc\u00eda.<br>\u200e<br>\u200eAsimismo, la l\u00edder regional agradeci\u00f3 al pueblo por la esperanza en la Revoluci\u00f3n Bolivariana y en la gesti\u00f3n Por Amor a Bol\u00edvar; sentir que afianza el compromiso de seguir transformando cada rinc\u00f3n del estado, \u201csomos los que resolvemos, la gente de Nicol\u00e1s Maduro, los que estamos en la calle. Nosotros venceremos\u201d.<br>\u200e<br><strong><em>\u200ePrensa Gobernaci\u00f3n de Bol\u00edvar<\/em><\/strong><\/p>\n\n\n\n<p><\/p>\n","protected":false},"excerpt":{"rendered":"<p>\u200eComo parte del seguimiento y control de los trabajos en ejecuci\u00f3n, la gobernadora del estado Bol\u00edvar, Yulisbeth Garc\u00eda, junto con la alcaldesa de Piar, Ornella Arbel\u00e1ez, inspeccion\u00f3 el asfaltado de la carretera Upata-El Manteco.\u200e\u200eDestac\u00f3 que en 145 d\u00edas de gesti\u00f3n frente al Ejecutivo regional y trabajando en fusi\u00f3n perfecta con los alcaldes bolivarianos, se han [&hellip;]<\/p>\n","protected":false},"author":33,"featured_media":293442,"comment_status":"closed","ping_status":"closed","sticky":false,"template":"","format":"standard","meta":{"footnotes":""},"categories":[5,12],"tags":[349,185,5263],"class_list":{"0":"post-293441","1":"post","2":"type-post","3":"status-publish","4":"format-standard","5":"has-post-thumbnail","7":"category-destacado","8":"category-regionales","9":"tag-asfalto","10":"tag-bolivar","11":"tag-el-manteco"},"_links":{"self":[{"href":"https:\/\/elluchador.info\/index.php?rest_route=\/wp\/v2\/posts\/293441","targetHints":{"allow":["GET"]}}],"collection":[{"href":"https:\/\/elluchador.info\/index.php?rest_route=\/wp\/v2\/posts"}],"about":[{"href":"https:\/\/elluchador.info\/index.php?rest_route=\/wp\/v2\/types\/post"}],"author":[{"embeddable":true,"href":"https:\/\/elluchador.info\/index.php?rest_route=\/wp\/v2\/users\/33"}],"replies":[{"embeddable":true,"href":"https:\/\/elluchador.info\/index.php?rest_route=%2Fwp%2Fv2%2Fcomments&post=293441"}],"version-history":[{"count":1,"href":"https:\/\/elluchador.info\/index.php?rest_route=\/wp\/v2\/posts\/293441\/revisions"}],"predecessor-version":[{"id":293443,"href":"https:\/\/elluchador.info\/index.php?rest_route=\/wp\/v2\/posts\/293441\/revisions\/293443"}],"wp:featuredmedia":[{"embeddable":true,"href":"https:\/\/elluchador.info\/index.php?rest_route=\/wp\/v2\/media\/293442"}],"wp:attachment":[{"href":"https:\/\/elluchador.info\/index.php?rest_route=%2Fwp%2Fv2%2Fmedia&parent=293441"}],"wp:term":[{"taxonomy":"category","embeddable":true,"href":"https:\/\/elluchador.info\/index.php?rest_route=%2Fwp%2Fv2%2Fcategories&post=293441"},{"taxonomy":"post_tag","embeddable":true,"href":"https:\/\/elluchador.info\/index.php?rest_route=%2Fwp%2Fv2%2Ftags&post=293441"}],"curies":[{"name":"wp","href":"https:\/\/api.w.org\/{rel}","templated":true}]}}