{"id":293522,"date":"2025-10-28T17:23:55","date_gmt":"2025-10-28T21:23:55","guid":{"rendered":"https:\/\/elluchador.info\/?p=293522"},"modified":"2025-10-28T17:24:03","modified_gmt":"2025-10-28T21:24:03","slug":"presentador-jose-andres-padron-fue-operado-de-emergencia","status":"publish","type":"post","link":"https:\/\/elluchador.info\/?p=293522","title":{"rendered":"Presentador Jos\u00e9 Andr\u00e9s Padr\u00f3n fue operado de emergencia"},"content":{"rendered":"\n<p>El reconocido animador zuliano y figura principal del magazine matutino \u00abPortadas\u00bb, Jos\u00e9 Andr\u00e9s Padr\u00f3n, fue intervenido quir\u00fargicamente de emergencia debido a un fuerte dolor en la ves\u00edcula que lo afect\u00f3 durante la \u00faltima semana.<\/p>\n\n\n\n<p>\u200bA trav\u00e9s de su cuenta de Instagram, el conductor comparti\u00f3 con sus seguidores los detalles de su estado de salud, informando que la operaci\u00f3n fue exitosa y que ya se encuentra en proceso de recuperaci\u00f3n. El procedimiento fue realizado por el doctor Gustavo Rivas, a quien Padr\u00f3n agradeci\u00f3 por su profesionalismo.<\/p>\n\n\n\n<p><strong>\u200bAusencia temporal de \u00abPortadas\u00bb y apoyo de colegas<\/strong><br>\u200bDebido a esta situaci\u00f3n de salud, Jos\u00e9 Andr\u00e9s Padr\u00f3n estar\u00e1 ausente por algunos d\u00edas del programa \u00abPortadas\u00bb para garantizar su total y completa recuperaci\u00f3n.<\/p>\n\n\n\n<p>\u200bDurante su convalecencia, el animador recibi\u00f3 la visita de su compa\u00f1era de programa, Isabella Rodr\u00edguez, quien se acerc\u00f3 a la cl\u00ednica para brindarle su apoyo. Rodr\u00edguez comparti\u00f3 momentos en redes sociales, destacando el buen humor y la energ\u00eda de Padr\u00f3n a pesar de la reciente intervenci\u00f3n.<\/p>\n\n\n\n<p><strong>\u200bExpectativa por su regreso y rol en Miss Venezuela<\/strong><br>\u200bEl p\u00fablico y sus seguidores esperan con ansias el pronto regreso de Jos\u00e9 Andr\u00e9s Padr\u00f3n a la pantalla, especialmente porque pr\u00f3ximamente tendr\u00e1 un rol protag\u00f3nico en uno de los eventos m\u00e1s importantes de la televisi\u00f3n nacional.<\/p>\n\n\n\n<p>\u200bPadr\u00f3n est\u00e1 confirmado como uno de los animadores principales de la final de Miss Venezuela Universo, donde compartir\u00e1 escenario junto a la ic\u00f3nica Maite Delgado.<\/p>\n\n\n\n<p>Con informaci\u00f3n de <strong>agencias<\/strong><\/p>\n","protected":false},"excerpt":{"rendered":"<p>El reconocido animador zuliano y figura principal del magazine matutino \u00abPortadas\u00bb, Jos\u00e9 Andr\u00e9s Padr\u00f3n, fue intervenido quir\u00fargicamente de emergencia debido a un fuerte dolor en la ves\u00edcula que lo afect\u00f3 durante la \u00faltima semana. \u200bA trav\u00e9s de su cuenta de Instagram, el conductor comparti\u00f3 con sus seguidores los detalles de su estado de salud, informando [&hellip;]<\/p>\n","protected":false},"author":38,"featured_media":293523,"comment_status":"closed","ping_status":"closed","sticky":false,"template":"","format":"standard","meta":{"footnotes":""},"categories":[7],"tags":[105],"class_list":{"0":"post-293522","1":"post","2":"type-post","3":"status-publish","4":"format-standard","5":"has-post-thumbnail","7":"category-entretenimiento","8":"tag-venezuela"},"_links":{"self":[{"href":"https:\/\/elluchador.info\/index.php?rest_route=\/wp\/v2\/posts\/293522","targetHints":{"allow":["GET"]}}],"collection":[{"href":"https:\/\/elluchador.info\/index.php?rest_route=\/wp\/v2\/posts"}],"about":[{"href":"https:\/\/elluchador.info\/index.php?rest_route=\/wp\/v2\/types\/post"}],"author":[{"embeddable":true,"href":"https:\/\/elluchador.info\/index.php?rest_route=\/wp\/v2\/users\/38"}],"replies":[{"embeddable":true,"href":"https:\/\/elluchador.info\/index.php?rest_route=%2Fwp%2Fv2%2Fcomments&post=293522"}],"version-history":[{"count":1,"href":"https:\/\/elluchador.info\/index.php?rest_route=\/wp\/v2\/posts\/293522\/revisions"}],"predecessor-version":[{"id":293524,"href":"https:\/\/elluchador.info\/index.php?rest_route=\/wp\/v2\/posts\/293522\/revisions\/293524"}],"wp:featuredmedia":[{"embeddable":true,"href":"https:\/\/elluchador.info\/index.php?rest_route=\/wp\/v2\/media\/293523"}],"wp:attachment":[{"href":"https:\/\/elluchador.info\/index.php?rest_route=%2Fwp%2Fv2%2Fmedia&parent=293522"}],"wp:term":[{"taxonomy":"category","embeddable":true,"href":"https:\/\/elluchador.info\/index.php?rest_route=%2Fwp%2Fv2%2Fcategories&post=293522"},{"taxonomy":"post_tag","embeddable":true,"href":"https:\/\/elluchador.info\/index.php?rest_route=%2Fwp%2Fv2%2Ftags&post=293522"}],"curies":[{"name":"wp","href":"https:\/\/api.w.org\/{rel}","templated":true}]}}