{"id":293567,"date":"2025-10-29T10:35:01","date_gmt":"2025-10-29T14:35:01","guid":{"rendered":"https:\/\/elluchador.info\/?p=293567"},"modified":"2025-10-29T10:35:04","modified_gmt":"2025-10-29T14:35:04","slug":"productores-afirman-que-la-proteina-avicola-representa-el-60-del-consumo-nacional","status":"publish","type":"post","link":"https:\/\/elluchador.info\/?p=293567","title":{"rendered":"Productores afirman que la prote\u00edna av\u00edcola representa el 60% del consumo nacional"},"content":{"rendered":"\n<p>Productores av\u00edcolas indican que la prote\u00edna proveniente del pollo representa casi el 60% del consumo nacional y que esto incrementar\u00e1 en lo que queda de 2025.<\/p>\n\n\n\n<p>El productor, Kamil Albazi, explic\u00f3 que en \u00ab2024 est\u00e1bamos en 60.000 aves por turno y ahorita estamos cerca de 90.000\u00bb. Para finales de a\u00f1o estiman cerrar en 110.000 unidades.<\/p>\n\n\n\n<p>En ese sentido, M\u00e1ximo Colmenares, vicepresidente de la Federaci\u00f3n de C\u00e1maras y Empresas de Venezuela (Fedeindustria) en Carabobo, apunt\u00f3 que el camar\u00f3n es el segundo producto m\u00e1s exportado en el pa\u00eds despu\u00e9s del petr\u00f3leo, pero que actualmente se preparan para ampliar la oferta exportable de prote\u00edna animal.<\/p>\n\n\n\n<p>Al respecto, destac\u00f3 que, en conjunto con autoridades nacionales y gremios agroindustriales, avanzan en la producci\u00f3n de prote\u00ednas m\u00e1s sanas, enfocados en la erradicaci\u00f3n de enfermedades en los animales y mejorando aspectos de nutrici\u00f3n.<\/p>\n\n\n\n<p>Indic\u00f3 que hay un mercado de pa\u00edses que solicitan prote\u00edna animal venezolana \u00abpor el tema org\u00e1nico\u00bb.<\/p>\n\n\n\n<p>\u00abTratamos de eliminar antibi\u00f3ticos o algunos aditivos sint\u00e9ticos que causan problemas en la salud animal y por supuesto en la humana\u00bb, dijo en reporte para <em>Uni\u00f3n Radio<\/em>.<\/p>\n","protected":false},"excerpt":{"rendered":"<p>Productores av\u00edcolas indican que la prote\u00edna proveniente del pollo representa casi el 60% del consumo nacional y que esto incrementar\u00e1 en lo que queda de 2025. El productor, Kamil Albazi, explic\u00f3 que en \u00ab2024 est\u00e1bamos en 60.000 aves por turno y ahorita estamos cerca de 90.000\u00bb. Para finales de a\u00f1o estiman cerrar en 110.000 unidades. [&hellip;]<\/p>\n","protected":false},"author":33,"featured_media":293568,"comment_status":"closed","ping_status":"closed","sticky":false,"template":"","format":"standard","meta":{"footnotes":""},"categories":[5,6],"tags":[2436,1073],"class_list":{"0":"post-293567","1":"post","2":"type-post","3":"status-publish","4":"format-standard","5":"has-post-thumbnail","7":"category-destacado","8":"category-economia","9":"tag-consumo","10":"tag-pollo"},"_links":{"self":[{"href":"https:\/\/elluchador.info\/index.php?rest_route=\/wp\/v2\/posts\/293567","targetHints":{"allow":["GET"]}}],"collection":[{"href":"https:\/\/elluchador.info\/index.php?rest_route=\/wp\/v2\/posts"}],"about":[{"href":"https:\/\/elluchador.info\/index.php?rest_route=\/wp\/v2\/types\/post"}],"author":[{"embeddable":true,"href":"https:\/\/elluchador.info\/index.php?rest_route=\/wp\/v2\/users\/33"}],"replies":[{"embeddable":true,"href":"https:\/\/elluchador.info\/index.php?rest_route=%2Fwp%2Fv2%2Fcomments&post=293567"}],"version-history":[{"count":1,"href":"https:\/\/elluchador.info\/index.php?rest_route=\/wp\/v2\/posts\/293567\/revisions"}],"predecessor-version":[{"id":293569,"href":"https:\/\/elluchador.info\/index.php?rest_route=\/wp\/v2\/posts\/293567\/revisions\/293569"}],"wp:featuredmedia":[{"embeddable":true,"href":"https:\/\/elluchador.info\/index.php?rest_route=\/wp\/v2\/media\/293568"}],"wp:attachment":[{"href":"https:\/\/elluchador.info\/index.php?rest_route=%2Fwp%2Fv2%2Fmedia&parent=293567"}],"wp:term":[{"taxonomy":"category","embeddable":true,"href":"https:\/\/elluchador.info\/index.php?rest_route=%2Fwp%2Fv2%2Fcategories&post=293567"},{"taxonomy":"post_tag","embeddable":true,"href":"https:\/\/elluchador.info\/index.php?rest_route=%2Fwp%2Fv2%2Ftags&post=293567"}],"curies":[{"name":"wp","href":"https:\/\/api.w.org\/{rel}","templated":true}]}}