{"id":293582,"date":"2025-10-29T12:28:38","date_gmt":"2025-10-29T16:28:38","guid":{"rendered":"https:\/\/elluchador.info\/?p=293582"},"modified":"2025-10-29T12:28:41","modified_gmt":"2025-10-29T16:28:41","slug":"maracaibo-celebra-el-congreso-internacional-del-carbon-2025","status":"publish","type":"post","link":"https:\/\/elluchador.info\/?p=293582","title":{"rendered":"Maracaibo celebra el Congreso Internacional del Carb\u00f3n 2025"},"content":{"rendered":"\n<p>Desde la ciudad de Maracaibo, el ministro del Poder Popular de Desarrollo Minero Ecol\u00f3gico, H\u00e9ctor Silva, inaugur\u00f3 el primer Congreso Internacional del Carb\u00f3n, un evento que representa una nueva posibilidad para el desarrollo de la econom\u00eda venezolana, basada en la soberan\u00eda y la sostenibilidad de los recursos minerales del pa\u00eds.<\/p>\n\n\n\n<p>Durante el acto inaugural, el ministro Silva estuvo acompa\u00f1ado por el gobernador del Zulia, Luis Caldera; el viceministro de Seguimiento y Control del Desarrollo Ecominero y presidente de Carbozulia, Luis P\u00e9rez; el viceministro de Exploraci\u00f3n e Inversi\u00f3n Ecominera, Alejandro Mart\u00ednez; el alcalde del municipio Maracaibo, Giancarlo Di Martino; as\u00ed como el presidente de la Corporaci\u00f3n y Venezolana de Miner\u00eda, G\/D Rodolfo Marcos Torres; el presidente del INEA y Bolipuertos, CN. Germ\u00e1n G\u00f3mez Larez; embajadores y autoridades internacionales, nacionales y regionales.<\/p>\n\n\n\n<p>El representante de la cartera de minera, manifest\u00f3 su satisfacci\u00f3n por la realizaci\u00f3n de este congreso, que emergi\u00f3 de la clase trabajadora de Carbozulia, como una muestra de que no solo est\u00e1n comprometidos con la producci\u00f3n, sino que establecen el destino de la empresa, porque \u201cgracias al comandate Ch\u00e1vez, gracias al presidente, Nicol\u00e1s Maduro se viene forjando un nuevo modelo de gesti\u00f3n donde el Poder Popular, representado en la clase trabajadora, es el que direcciona el destino de la empresa en general\u201d.<\/p>\n\n\n\n<p>El ministro destac\u00f3 la labor valiosa que se viene haciendo desde los espacios de Carbozulia, expresando que se ha recuperando la producci\u00f3n en m\u00e1s de un 156 % en comparaci\u00f3n al a\u00f1o pasado y la idea es seguir recuperando la empresa.<\/p>\n\n\n\n<p><strong>Labor ecol\u00f3gica<\/strong><\/p>\n\n\n\n<p>Durante su discurso, el m\u00e1ximo representante de la miner\u00eda nacional enfatiz\u00f3 sobre la conciencia ecol\u00f3gica que tiene el nuevo modelo de esta actividad productiva: \u00abPara tener algo mejor, nos enfocamos hacia el medio ambiente y la primera instrucci\u00f3n es poder realizar una miner\u00eda ecol\u00f3gica, es por eso que el presidente ha impulsado el Plan Nacional de Reforestaci\u00f3n\u00bb.<\/p>\n\n\n\n<p>Explic\u00f3 que este plan busca recuperar m\u00e1s de 8 mil hect\u00e1reas en una primera etapa, pero la idea es de 50 mil hect\u00e1reas a nivel nacional, siendo el estado Zulia uno de las regiones seleccionadas para su desarrollo.<\/p>\n\n\n\n<p><strong>Ciclo de conferencias<\/strong><\/p>\n\n\n\n<p>En horas de la ma\u00f1ana se dio inicio al ciclo de ponencias como parte del programa formativo del congreso.<\/p>\n\n\n\n<p>La primera ponencia del d\u00eda, fue ofrecida por el viceministro de Exploraci\u00f3n e Inversi\u00f3n Ecominera, con el tema Retos y Perspectivas Actuales del Carb\u00f3n en Venezuela, \u00bfes posible el desarrollo de la Carboquimica?.<\/p>\n\n\n\n<p>Seguidamente, la ingeniera qu\u00edmica, Suher Yabroudi, expuso sobre sus experiencias y estudios tocando el tema \u201cAportes de la Investigaci\u00f3n aplicada en la gesti\u00f3n ambiental de la industria carbonifera\u201d.<\/p>\n\n\n\n<p>Por su parte, el ge\u00f3logo Eligio Gonz\u00e1lez, expuso al p\u00fablico presente las potenciales presente en la Cuenca Carbon\u00edfera de Falc\u00f3n.<\/p>\n\n\n\n<p>Con informaci\u00f3n de <strong>Prensa Miner\u00eda<\/strong><\/p>\n","protected":false},"excerpt":{"rendered":"<p>Desde la ciudad de Maracaibo, el ministro del Poder Popular de Desarrollo Minero Ecol\u00f3gico, H\u00e9ctor Silva, inaugur\u00f3 el primer Congreso Internacional del Carb\u00f3n, un evento que representa una nueva posibilidad para el desarrollo de la econom\u00eda venezolana, basada en la soberan\u00eda y la sostenibilidad de los recursos minerales del pa\u00eds. Durante el acto inaugural, el [&hellip;]<\/p>\n","protected":false},"author":33,"featured_media":293583,"comment_status":"closed","ping_status":"closed","sticky":false,"template":"","format":"standard","meta":{"footnotes":""},"categories":[12],"tags":[],"class_list":{"0":"post-293582","1":"post","2":"type-post","3":"status-publish","4":"format-standard","5":"has-post-thumbnail","7":"category-regionales"},"_links":{"self":[{"href":"https:\/\/elluchador.info\/index.php?rest_route=\/wp\/v2\/posts\/293582","targetHints":{"allow":["GET"]}}],"collection":[{"href":"https:\/\/elluchador.info\/index.php?rest_route=\/wp\/v2\/posts"}],"about":[{"href":"https:\/\/elluchador.info\/index.php?rest_route=\/wp\/v2\/types\/post"}],"author":[{"embeddable":true,"href":"https:\/\/elluchador.info\/index.php?rest_route=\/wp\/v2\/users\/33"}],"replies":[{"embeddable":true,"href":"https:\/\/elluchador.info\/index.php?rest_route=%2Fwp%2Fv2%2Fcomments&post=293582"}],"version-history":[{"count":2,"href":"https:\/\/elluchador.info\/index.php?rest_route=\/wp\/v2\/posts\/293582\/revisions"}],"predecessor-version":[{"id":293585,"href":"https:\/\/elluchador.info\/index.php?rest_route=\/wp\/v2\/posts\/293582\/revisions\/293585"}],"wp:featuredmedia":[{"embeddable":true,"href":"https:\/\/elluchador.info\/index.php?rest_route=\/wp\/v2\/media\/293583"}],"wp:attachment":[{"href":"https:\/\/elluchador.info\/index.php?rest_route=%2Fwp%2Fv2%2Fmedia&parent=293582"}],"wp:term":[{"taxonomy":"category","embeddable":true,"href":"https:\/\/elluchador.info\/index.php?rest_route=%2Fwp%2Fv2%2Fcategories&post=293582"},{"taxonomy":"post_tag","embeddable":true,"href":"https:\/\/elluchador.info\/index.php?rest_route=%2Fwp%2Fv2%2Ftags&post=293582"}],"curies":[{"name":"wp","href":"https:\/\/api.w.org\/{rel}","templated":true}]}}