{"id":293595,"date":"2025-10-29T14:17:00","date_gmt":"2025-10-29T18:17:00","guid":{"rendered":"https:\/\/elluchador.info\/?p=293595"},"modified":"2025-10-29T13:55:33","modified_gmt":"2025-10-29T17:55:33","slug":"operativo-policial-en-favela-de-rio-de-janeiro-128-muertos-y-decenas-de-heridos","status":"publish","type":"post","link":"https:\/\/elluchador.info\/?p=293595","title":{"rendered":"Operativo policial en favela de R\u00edo de Janeiro dej\u00f3 128 muertos y decenas de heridos"},"content":{"rendered":"\n<p>Una operaci\u00f3n masiva en R\u00edo de Janeiro contra la facci\u00f3n Comando Vermelho dej\u00f3 al menos 128 personas fallecidas y m\u00e1s de 80 detenidos, en lo que las autoridades estatales calificaron como la intervenci\u00f3n m\u00e1s letal de su tipo en la historia del estado.<\/p>\n\n\n\n<p>La intervenci\u00f3n, que tuvo lugar en la ma\u00f1ana del martes 28 de octubre, fue encabezada por unas <strong><em>2 mil 500 fuerzas policiales y militares del Estado de R\u00edo de Janeiro<\/em><\/strong>, con veh\u00edculos blindados, helic\u00f3pteros y apoyo t\u00e1ctico. Seg\u00fan el Gobierno, la operaci\u00f3n buscaba desarticular redes de la banda <strong><em>Comando Vermelho<\/em><\/strong> en los citados complejos de favelas.<\/p>\n\n\n\n<p>El saldo oficial reportado hasta el momento es de por lo menos 128 personas fallecidas, que incluye cuatro agentes policiales, y al menos 81 detenidos; adem\u00e1s, fueron incautadas numerosas armas. El conteo de los decesos aument\u00f3 luego de que en la madrugada, pobladores encontraron a m\u00e1s de 60 cuerpos en una zona de selva.<\/p>\n\n\n\n<p>En declaraciones, el gobernador del estado, Cl\u00e1udio Castro, caracteriz\u00f3 la operaci\u00f3n como una lucha contra el \u201cnarcoterrorismo\u201d y advirti\u00f3 que las fuerzas no retirar\u00e1n su presencia hasta tener la situaci\u00f3n controlada. Testigos y residentes describieron un ambiente de enfrentamiento prolongado, con disparos, barricadas incendiadas y bloqueo de rutas de transporte. Las escuelas, los centros de salud y el transporte p\u00fablico se vieron afectados por la acci\u00f3n policial.<\/p>\n\n\n\n<p>Organizaciones de DD.&nbsp;HH. y activistas comunitarias como la soci\u00f3loga Carolina Grillo, coordinadora del Grupo de Estudio sobre Nuevas Ilegalidades de la Universidad Federal Fluminense (UFF), denunciaron que el operativo ha dejado una marca profunda en las comunidades de las favelas, y lo calificaron de \u201cmasacre patrocinada por el Estado\u201d, mientras reclaman investigaciones independientes sobre los hechos.<\/p>\n\n\n\n<p>Este operativo se convierte en el m\u00e1s letal de la historia del estado de R\u00edo de Janeiro y supera incluso la incursi\u00f3n en el barrio de Jacarezinho en 2021, donde fallecieron 28 personas.<\/p>\n\n\n\n<p>Con informaci\u00f3n <strong>Agencias.-<\/strong><\/p>\n","protected":false},"excerpt":{"rendered":"<p>Una operaci\u00f3n masiva en R\u00edo de Janeiro contra la facci\u00f3n Comando Vermelho dej\u00f3 al menos 128 personas fallecidas y m\u00e1s de 80 detenidos, en lo que las autoridades estatales calificaron como la intervenci\u00f3n m\u00e1s letal de su tipo en la historia del estado. La intervenci\u00f3n, que tuvo lugar en la ma\u00f1ana del martes 28 de [&hellip;]<\/p>\n","protected":false},"author":33,"featured_media":293597,"comment_status":"closed","ping_status":"closed","sticky":false,"template":"","format":"standard","meta":{"footnotes":""},"categories":[8],"tags":[687,3405],"class_list":{"0":"post-293595","1":"post","2":"type-post","3":"status-publish","4":"format-standard","5":"has-post-thumbnail","7":"category-internacionales","8":"tag-brasil","9":"tag-operativo"},"_links":{"self":[{"href":"https:\/\/elluchador.info\/index.php?rest_route=\/wp\/v2\/posts\/293595","targetHints":{"allow":["GET"]}}],"collection":[{"href":"https:\/\/elluchador.info\/index.php?rest_route=\/wp\/v2\/posts"}],"about":[{"href":"https:\/\/elluchador.info\/index.php?rest_route=\/wp\/v2\/types\/post"}],"author":[{"embeddable":true,"href":"https:\/\/elluchador.info\/index.php?rest_route=\/wp\/v2\/users\/33"}],"replies":[{"embeddable":true,"href":"https:\/\/elluchador.info\/index.php?rest_route=%2Fwp%2Fv2%2Fcomments&post=293595"}],"version-history":[{"count":2,"href":"https:\/\/elluchador.info\/index.php?rest_route=\/wp\/v2\/posts\/293595\/revisions"}],"predecessor-version":[{"id":293598,"href":"https:\/\/elluchador.info\/index.php?rest_route=\/wp\/v2\/posts\/293595\/revisions\/293598"}],"wp:featuredmedia":[{"embeddable":true,"href":"https:\/\/elluchador.info\/index.php?rest_route=\/wp\/v2\/media\/293597"}],"wp:attachment":[{"href":"https:\/\/elluchador.info\/index.php?rest_route=%2Fwp%2Fv2%2Fmedia&parent=293595"}],"wp:term":[{"taxonomy":"category","embeddable":true,"href":"https:\/\/elluchador.info\/index.php?rest_route=%2Fwp%2Fv2%2Fcategories&post=293595"},{"taxonomy":"post_tag","embeddable":true,"href":"https:\/\/elluchador.info\/index.php?rest_route=%2Fwp%2Fv2%2Ftags&post=293595"}],"curies":[{"name":"wp","href":"https:\/\/api.w.org\/{rel}","templated":true}]}}