{"id":293602,"date":"2025-10-29T14:25:00","date_gmt":"2025-10-29T18:25:00","guid":{"rendered":"https:\/\/elluchador.info\/?p=293602"},"modified":"2025-10-29T14:04:34","modified_gmt":"2025-10-29T18:04:34","slug":"la-trinidad-i-enfrenta-fallas-prolongadas-en-el-servicio-electrico","status":"publish","type":"post","link":"https:\/\/elluchador.info\/?p=293602","title":{"rendered":"La Trinidad I enfrenta fallas prolongadas en el servicio el\u00e9ctrico"},"content":{"rendered":"\n<p>Los residentes de La Trinidad I, ubicada en la parroquia Vista Hermosa, expresan su creciente preocupaci\u00f3n y frustraci\u00f3n debido a las continuas y prolongadas interrupciones en el suministro de electricidad. Estos cortes frecuentes han afectado significativamente la calidad de vida de las familias, especialmente en los \u00faltimos meses, cuando los bajones de luz se han incrementado.<\/p>\n\n\n\n<p>Cada semana, los habitantes se enfrentan a m\u00faltiples fallas el\u00e9ctricas, lo que genera incertidumbre y miedo, ya que temen que sus electrodom\u00e9sticos y equipos electr\u00f3nicos puedan da\u00f1arse. \u00abEs preocupante, porque nunca sabes cu\u00e1ndo ocurren los bajones, y si est\u00e1s fuera de casa, los aparatos pueden sufrir da\u00f1os\u00bb, afirm\u00f3 Luis Blanco, residente de la comunidad.<\/p>\n\n\n\n<p>\u00abEn ocasiones, los cortes ocurren en plena madrugada, sin que nos percatemos, lo que pone en riesgo electrodom\u00e9stico como el aire acondicionado, ventiladores y neveras. Hacemos un llamado a Corpoelec para que garantice un suministro el\u00e9ctrico confiable para todos los habitantes\u00bb, a\u00f1adi\u00f3 Blanco. <\/p>\n\n\n\n<p><strong>Yanitza Mart\u00ednez<\/strong><\/p>\n","protected":false},"excerpt":{"rendered":"<p>Los residentes de La Trinidad I, ubicada en la parroquia Vista Hermosa, expresan su creciente preocupaci\u00f3n y frustraci\u00f3n debido a las continuas y prolongadas interrupciones en el suministro de electricidad. Estos cortes frecuentes han afectado significativamente la calidad de vida de las familias, especialmente en los \u00faltimos meses, cuando los bajones de luz se han [&hellip;]<\/p>\n","protected":false},"author":33,"featured_media":293603,"comment_status":"closed","ping_status":"closed","sticky":false,"template":"","format":"standard","meta":{"footnotes":""},"categories":[2],"tags":[185,306],"class_list":{"0":"post-293602","1":"post","2":"type-post","3":"status-publish","4":"format-standard","5":"has-post-thumbnail","7":"category-comunidad","8":"tag-bolivar","9":"tag-ciudad-bolivar"},"_links":{"self":[{"href":"https:\/\/elluchador.info\/index.php?rest_route=\/wp\/v2\/posts\/293602","targetHints":{"allow":["GET"]}}],"collection":[{"href":"https:\/\/elluchador.info\/index.php?rest_route=\/wp\/v2\/posts"}],"about":[{"href":"https:\/\/elluchador.info\/index.php?rest_route=\/wp\/v2\/types\/post"}],"author":[{"embeddable":true,"href":"https:\/\/elluchador.info\/index.php?rest_route=\/wp\/v2\/users\/33"}],"replies":[{"embeddable":true,"href":"https:\/\/elluchador.info\/index.php?rest_route=%2Fwp%2Fv2%2Fcomments&post=293602"}],"version-history":[{"count":1,"href":"https:\/\/elluchador.info\/index.php?rest_route=\/wp\/v2\/posts\/293602\/revisions"}],"predecessor-version":[{"id":293604,"href":"https:\/\/elluchador.info\/index.php?rest_route=\/wp\/v2\/posts\/293602\/revisions\/293604"}],"wp:featuredmedia":[{"embeddable":true,"href":"https:\/\/elluchador.info\/index.php?rest_route=\/wp\/v2\/media\/293603"}],"wp:attachment":[{"href":"https:\/\/elluchador.info\/index.php?rest_route=%2Fwp%2Fv2%2Fmedia&parent=293602"}],"wp:term":[{"taxonomy":"category","embeddable":true,"href":"https:\/\/elluchador.info\/index.php?rest_route=%2Fwp%2Fv2%2Fcategories&post=293602"},{"taxonomy":"post_tag","embeddable":true,"href":"https:\/\/elluchador.info\/index.php?rest_route=%2Fwp%2Fv2%2Ftags&post=293602"}],"curies":[{"name":"wp","href":"https:\/\/api.w.org\/{rel}","templated":true}]}}