{"id":293988,"date":"2025-11-02T18:51:47","date_gmt":"2025-11-02T22:51:47","guid":{"rendered":"https:\/\/elluchador.info\/?p=293988"},"modified":"2025-11-02T18:51:51","modified_gmt":"2025-11-02T22:51:51","slug":"palmeiras-y-flamengo-definiran-la-copa-libertadores-este-29nov","status":"publish","type":"post","link":"https:\/\/elluchador.info\/?p=293988","title":{"rendered":"Palmeiras y Flamengo definir\u00e1n la Copa Libertadores este 29Nov"},"content":{"rendered":"\n<p>\u200eEn este a\u00f1o 2025, por segunda vez consecutiva y quinta en los \u00faltimos seis a\u00f1os, dos oncenas provenientes del f\u00fatbol brasile\u00f1o culminar\u00e1n la Copa Libertadores.<br>\u200e<br>\u200eAdem\u00e1s, ambos equipos, Flamengo y Palmeiras, ya se hab\u00edan enfrentado en una final de esta cita en el a\u00f1o 2021, ocasi\u00f3n en la que Palmeiras se coron\u00f3 tras ganar 2-1 en pr\u00f3rroga.<br>\u200e<br>\u200ePor otro lado, a pesar de que en semifinales hubo un equipo de Ecuador (Liga de Quito) y uno de Argentina (Racing), no pudieron pasar de ronda, al dar continuidad a la hegemon\u00eda del \u201cJogo Bonito\u201d en Sudam\u00e9rica.<br>\u200e<br>\u200ePor una parte, Palmeiras logr\u00f3 una \u00e9pica remontada en la vuelta de las semifinales ante Liga de Quito; equipo que ven\u00eda con serias pretensiones de hacerse con la Copa, al golear 4-0 en el Allianz Parque, y deja el Global en (4-3).<br>\u200e<br>\u200eDel otro lado, una batalla campal en el Estadio Presidente Per\u00f3n culmin\u00f3 con 0-0 que no le vali\u00f3 al conjunto de Racing para la clasificaci\u00f3n, pues en su visita al Estadio de Maracan\u00e1 hab\u00edan ca\u00eddo 1-0 ante Flamengo en el partido de ida.<br>\u200e<br>\u200eAquel \u00fanico gol del primer encuentro fue la diferencia que defini\u00f3 esta instancia, al dar m\u00e9rito adicional al DT Filipe Luis, el carioca que, en sus primeras experiencias como DT profesional, logr\u00f3 posicionar al \u201cMengao\u201d en un casi campeonato.<br>\u200e<br>\u200ePara finalizar, la gran cita se vivir\u00e1 en Lima, Per\u00fa, el pr\u00f3ximo 29 de noviembre, para determinar a qu\u00e9 parte de Brasil se ir\u00e1 la Copa Libertadores.<br>\u200e<br>\u200eCon informaci\u00f3n <strong>L\u00edder<\/strong><\/p>\n","protected":false},"excerpt":{"rendered":"<p>\u200eEn este a\u00f1o 2025, por segunda vez consecutiva y quinta en los \u00faltimos seis a\u00f1os, dos oncenas provenientes del f\u00fatbol brasile\u00f1o culminar\u00e1n la Copa Libertadores.\u200e\u200eAdem\u00e1s, ambos equipos, Flamengo y Palmeiras, ya se hab\u00edan enfrentado en una final de esta cita en el a\u00f1o 2021, ocasi\u00f3n en la que Palmeiras se coron\u00f3 tras ganar 2-1 en [&hellip;]<\/p>\n","protected":false},"author":33,"featured_media":293989,"comment_status":"closed","ping_status":"closed","sticky":false,"template":"","format":"standard","meta":{"footnotes":""},"categories":[4],"tags":[2089,5305],"class_list":{"0":"post-293988","1":"post","2":"type-post","3":"status-publish","4":"format-standard","5":"has-post-thumbnail","7":"category-deportes","8":"tag-copa","9":"tag-libertadores"},"_links":{"self":[{"href":"https:\/\/elluchador.info\/index.php?rest_route=\/wp\/v2\/posts\/293988","targetHints":{"allow":["GET"]}}],"collection":[{"href":"https:\/\/elluchador.info\/index.php?rest_route=\/wp\/v2\/posts"}],"about":[{"href":"https:\/\/elluchador.info\/index.php?rest_route=\/wp\/v2\/types\/post"}],"author":[{"embeddable":true,"href":"https:\/\/elluchador.info\/index.php?rest_route=\/wp\/v2\/users\/33"}],"replies":[{"embeddable":true,"href":"https:\/\/elluchador.info\/index.php?rest_route=%2Fwp%2Fv2%2Fcomments&post=293988"}],"version-history":[{"count":1,"href":"https:\/\/elluchador.info\/index.php?rest_route=\/wp\/v2\/posts\/293988\/revisions"}],"predecessor-version":[{"id":293990,"href":"https:\/\/elluchador.info\/index.php?rest_route=\/wp\/v2\/posts\/293988\/revisions\/293990"}],"wp:featuredmedia":[{"embeddable":true,"href":"https:\/\/elluchador.info\/index.php?rest_route=\/wp\/v2\/media\/293989"}],"wp:attachment":[{"href":"https:\/\/elluchador.info\/index.php?rest_route=%2Fwp%2Fv2%2Fmedia&parent=293988"}],"wp:term":[{"taxonomy":"category","embeddable":true,"href":"https:\/\/elluchador.info\/index.php?rest_route=%2Fwp%2Fv2%2Fcategories&post=293988"},{"taxonomy":"post_tag","embeddable":true,"href":"https:\/\/elluchador.info\/index.php?rest_route=%2Fwp%2Fv2%2Ftags&post=293988"}],"curies":[{"name":"wp","href":"https:\/\/api.w.org\/{rel}","templated":true}]}}