{"id":294008,"date":"2025-11-03T07:45:00","date_gmt":"2025-11-03T11:45:00","guid":{"rendered":"https:\/\/elluchador.info\/?p=294008"},"modified":"2025-11-02T23:56:53","modified_gmt":"2025-11-03T03:56:53","slug":"bolivar-se-prepara-para-la-gran-consulta-popular-nacional","status":"publish","type":"post","link":"https:\/\/elluchador.info\/?p=294008","title":{"rendered":"Bol\u00edvar se prepara para la Gran Consulta Popular Nacional"},"content":{"rendered":"\n<p>Este fin de semana se llevaron a cabo las asambleas populares en los 11 municipios del estado Bol\u00edvar, rumbo a la Gran Consulta Popular Nacional a la que llam\u00f3 el presidente Nicol\u00e1s Maduro para el pr\u00f3ximo 23 de noviembre.<\/p>\n\n\n\n<p>La gobernadora del estado Bol\u00edvar, Yulisbeth Garc\u00eda, y el alcalde de Caron\u00ed, Yanny Alonzo, acompa\u00f1aron una extraordinaria asamblea popular que se llev\u00f3 a cabo en la parroquia Sim\u00f3n Bol\u00edvar.<\/p>\n\n\n\n<p>Garc\u00eda asegur\u00f3 que en estas asambleas el Poder Popular es protagonista; afinando los detalles para lo que ser\u00e1 la propuesta y escogencia de sus proyectos comunales para beneficio de los 252 territorios comunales del estado Bol\u00edvar.<\/p>\n\n\n\n<p><strong>Mensaje de la madrina Delcy Rodr\u00edguez<\/strong><br>La gobernadora Yulisbeth Garc\u00eda agradeci\u00f3 a la madrina pol\u00edtica del estado Bol\u00edvar, Delcy Rodr\u00edguez, quien felicit\u00f3 al pueblo por su participaci\u00f3n en las asambleas que representan el punto de partida para lo que ser\u00e1 la Gran Consulta Popular Nacional.<\/p>\n\n\n\n<p>\u201cDesde la parroquia Sim\u00f3n Bol\u00edvar, en compa\u00f1\u00eda del alcalde Yanny Alonzo y de Leonardo Montezuma, secretario ejecutivo del Consejo Federal de Gobierno, participamos en una extraordinaria asamblea popular. Nuestra gente ya se est\u00e1 preparando para atender el llamado del presidente Nicol\u00e1s Maduro\u201d, dijo la l\u00edder regional.<\/p>\n\n\n\n<p>Garc\u00eda asegur\u00f3 que de manera simult\u00e1nea, se llevaron a cabo asambleas en los 11 municipios del estado Bol\u00edvar; donde el pueblo present\u00f3 propuestas, se organiz\u00f3 y se est\u00e1 preparando para el 23 de noviembre.<\/p>\n\n\n\n<p>Con informaci\u00f3n de Prensa Gobernaci\u00f3n de Bol\u00edvar<\/p>\n","protected":false},"excerpt":{"rendered":"<p>Este fin de semana se llevaron a cabo las asambleas populares en los 11 municipios del estado Bol\u00edvar, rumbo a la Gran Consulta Popular Nacional a la que llam\u00f3 el presidente Nicol\u00e1s Maduro para el pr\u00f3ximo 23 de noviembre. La gobernadora del estado Bol\u00edvar, Yulisbeth Garc\u00eda, y el alcalde de Caron\u00ed, Yanny Alonzo, acompa\u00f1aron una [&hellip;]<\/p>\n","protected":false},"author":38,"featured_media":294009,"comment_status":"closed","ping_status":"closed","sticky":false,"template":"","format":"standard","meta":{"footnotes":""},"categories":[5,12],"tags":[185,1178,105],"class_list":{"0":"post-294008","1":"post","2":"type-post","3":"status-publish","4":"format-standard","5":"has-post-thumbnail","7":"category-destacado","8":"category-regionales","9":"tag-bolivar","10":"tag-ciudad-guayana","11":"tag-venezuela"},"_links":{"self":[{"href":"https:\/\/elluchador.info\/index.php?rest_route=\/wp\/v2\/posts\/294008","targetHints":{"allow":["GET"]}}],"collection":[{"href":"https:\/\/elluchador.info\/index.php?rest_route=\/wp\/v2\/posts"}],"about":[{"href":"https:\/\/elluchador.info\/index.php?rest_route=\/wp\/v2\/types\/post"}],"author":[{"embeddable":true,"href":"https:\/\/elluchador.info\/index.php?rest_route=\/wp\/v2\/users\/38"}],"replies":[{"embeddable":true,"href":"https:\/\/elluchador.info\/index.php?rest_route=%2Fwp%2Fv2%2Fcomments&post=294008"}],"version-history":[{"count":1,"href":"https:\/\/elluchador.info\/index.php?rest_route=\/wp\/v2\/posts\/294008\/revisions"}],"predecessor-version":[{"id":294010,"href":"https:\/\/elluchador.info\/index.php?rest_route=\/wp\/v2\/posts\/294008\/revisions\/294010"}],"wp:featuredmedia":[{"embeddable":true,"href":"https:\/\/elluchador.info\/index.php?rest_route=\/wp\/v2\/media\/294009"}],"wp:attachment":[{"href":"https:\/\/elluchador.info\/index.php?rest_route=%2Fwp%2Fv2%2Fmedia&parent=294008"}],"wp:term":[{"taxonomy":"category","embeddable":true,"href":"https:\/\/elluchador.info\/index.php?rest_route=%2Fwp%2Fv2%2Fcategories&post=294008"},{"taxonomy":"post_tag","embeddable":true,"href":"https:\/\/elluchador.info\/index.php?rest_route=%2Fwp%2Fv2%2Ftags&post=294008"}],"curies":[{"name":"wp","href":"https:\/\/api.w.org\/{rel}","templated":true}]}}