{"id":294033,"date":"2025-11-03T10:00:00","date_gmt":"2025-11-03T14:00:00","guid":{"rendered":"https:\/\/elluchador.info\/?p=294033"},"modified":"2025-11-03T09:50:55","modified_gmt":"2025-11-03T13:50:55","slug":"la-union-europea-anuncia-ayuda-de-145-millones-de-euros-para-la-crisis-en-venezuela","status":"publish","type":"post","link":"https:\/\/elluchador.info\/?p=294033","title":{"rendered":"La Uni\u00f3n Europea anuncia ayuda de 14,5 millones de euros para la crisis en Venezuela"},"content":{"rendered":"\n<p>La Uni\u00f3n Europea (UE) ha decidido este lunes abstenerse de comentar la escalada de tensi\u00f3n entre Estados Unidos y Venezuela, as\u00ed como la potencial inclusi\u00f3n de este tema en la agenda de la pr\u00f3xima cumbre de la Comunidad de Estados Latinoamericanos y Caribe\u00f1os (Celac), que tendr\u00e1 lugar en Santa Marta, Colombia. En lugar de ello, la UE ha anunciado un incremento en la ayuda humanitaria destinada a mitigar la profunda crisis pol\u00edtica y social que atraviesa Venezuela.<\/p>\n\n\n\n<p><strong>\u200bPosici\u00f3n sobre la seguridad regional y el Derecho Internacional<\/strong><br>\u200bDurante una rueda de prensa en Bruselas, la portavoz de Asuntos Exteriores de la UE, Anitta Hipper, se limit\u00f3 a reafirmar el respaldo de la Uni\u00f3n Europea al objetivo com\u00fan de combatir las redes criminales en el Caribe. No obstante, enfatiz\u00f3 que cualquier acci\u00f3n en este \u00e1mbito debe ser estrictamente conforme con el Derecho Internacional.<\/p>\n\n\n\n<p>\u200bLa UE opt\u00f3 por no emitir declaraciones sobre las recientes operaciones militares de Estados Unidos en la regi\u00f3n o la creciente presencia militar estadounidense en el \u00e1rea, un contexto marcado por las amenazas de posibles intervenciones para derrocar al gobierno de Nicol\u00e1s Maduro.<\/p>\n\n\n\n<p><strong>\u200bNueva asignaci\u00f3n de ayuda humanitaria<\/strong><br>\u200bEn el plano humanitario, la Uni\u00f3n Europea ha confirmado una nueva asignaci\u00f3n de 14,5 millones de euros para aliviar las graves consecuencias de la crisis venezolana, en un anuncio que se produce a solo d\u00edas de la cumbre entre l\u00edderes de la UE y Celac.<\/p>\n\n\n\n<p><strong>\u200bLa asistencia se centrar\u00e1 en los siguientes puntos clave<\/strong>:<br>1.- \u200bProtecci\u00f3n y atenci\u00f3n sanitaria a los sectores m\u00e1s vulnerables dentro de Venezuela.<br>2.- \u200bApoyo nutricional a las poblaciones afectadas.<br>3.- \u200bMitigaci\u00f3n de las repercusiones de la crisis en naciones vecinas, como Colombia, que acogen a un gran n\u00famero de migrantes venezolanos.<\/p>\n\n\n\n<p>\u200bEsta decisi\u00f3n subraya la prioridad de la Uni\u00f3n Europea de centrar sus esfuerzos en la respuesta humanitaria directa a la crisis, manteni\u00e9ndose al margen de las tensiones geopol\u00edticas bilaterales en la regi\u00f3n.<\/p>\n\n\n\n<p>Con informaci\u00f3n de <strong>agencias<\/strong><\/p>\n","protected":false},"excerpt":{"rendered":"<p>La Uni\u00f3n Europea (UE) ha decidido este lunes abstenerse de comentar la escalada de tensi\u00f3n entre Estados Unidos y Venezuela, as\u00ed como la potencial inclusi\u00f3n de este tema en la agenda de la pr\u00f3xima cumbre de la Comunidad de Estados Latinoamericanos y Caribe\u00f1os (Celac), que tendr\u00e1 lugar en Santa Marta, Colombia. En lugar de ello, [&hellip;]<\/p>\n","protected":false},"author":38,"featured_media":294034,"comment_status":"closed","ping_status":"closed","sticky":false,"template":"","format":"standard","meta":{"footnotes":""},"categories":[5,11],"tags":[448,105],"class_list":{"0":"post-294033","1":"post","2":"type-post","3":"status-publish","4":"format-standard","5":"has-post-thumbnail","7":"category-destacado","8":"category-politica","9":"tag-mundo","10":"tag-venezuela"},"_links":{"self":[{"href":"https:\/\/elluchador.info\/index.php?rest_route=\/wp\/v2\/posts\/294033","targetHints":{"allow":["GET"]}}],"collection":[{"href":"https:\/\/elluchador.info\/index.php?rest_route=\/wp\/v2\/posts"}],"about":[{"href":"https:\/\/elluchador.info\/index.php?rest_route=\/wp\/v2\/types\/post"}],"author":[{"embeddable":true,"href":"https:\/\/elluchador.info\/index.php?rest_route=\/wp\/v2\/users\/38"}],"replies":[{"embeddable":true,"href":"https:\/\/elluchador.info\/index.php?rest_route=%2Fwp%2Fv2%2Fcomments&post=294033"}],"version-history":[{"count":1,"href":"https:\/\/elluchador.info\/index.php?rest_route=\/wp\/v2\/posts\/294033\/revisions"}],"predecessor-version":[{"id":294035,"href":"https:\/\/elluchador.info\/index.php?rest_route=\/wp\/v2\/posts\/294033\/revisions\/294035"}],"wp:featuredmedia":[{"embeddable":true,"href":"https:\/\/elluchador.info\/index.php?rest_route=\/wp\/v2\/media\/294034"}],"wp:attachment":[{"href":"https:\/\/elluchador.info\/index.php?rest_route=%2Fwp%2Fv2%2Fmedia&parent=294033"}],"wp:term":[{"taxonomy":"category","embeddable":true,"href":"https:\/\/elluchador.info\/index.php?rest_route=%2Fwp%2Fv2%2Fcategories&post=294033"},{"taxonomy":"post_tag","embeddable":true,"href":"https:\/\/elluchador.info\/index.php?rest_route=%2Fwp%2Fv2%2Ftags&post=294033"}],"curies":[{"name":"wp","href":"https:\/\/api.w.org\/{rel}","templated":true}]}}