{"id":294057,"date":"2025-11-03T12:40:00","date_gmt":"2025-11-03T16:40:00","guid":{"rendered":"https:\/\/elluchador.info\/?p=294057"},"modified":"2025-11-03T12:37:37","modified_gmt":"2025-11-03T16:37:37","slug":"venezuela-aplaude-condena-de-la-onu-a-escalada-belicista-de-eeuu","status":"publish","type":"post","link":"https:\/\/elluchador.info\/?p=294057","title":{"rendered":"Venezuela aplaude condena de la ONU a escalada \u201cbelicista\u201d de EEUU"},"content":{"rendered":"\n<p>El Gobierno de Venezuela, en nombre del presidente Nicol\u00e1s Maduro, salud\u00f3 este viernes la condena emitida por el alto comisionado de las Naciones Unidas para los Derechos Humanos, Volker T\u00fcrk, contra los bombardeos perpetrados por Estados Unidos (EE. UU.) sobre peque\u00f1as embarcaciones en el Caribe.<\/p>\n\n\n\n<p>\u200bRechazo a ejecuciones extrajudiciales y violaci\u00f3n del Derecho Internacional<br>\u200bEl canciller venezolano, Yv\u00e1n Gil, comparti\u00f3 un comunicado oficial a trav\u00e9s de su canal de Telegram, donde el Gobierno venezolano expresa su benepl\u00e1cito por el pronunciamiento de T\u00fcrk.<\/p>\n\n\n\n<p>Estos ataques, realizados bajo el argumento de la lucha contra el narcotr\u00e1fico, han dejado un saldo de m\u00e1s de 60 personas asesinadas y han sido calificados por expertos y gobiernos como ejecuciones extrajudiciales.<\/p>\n\n\n\n<p>\u200b\u201cEn nombre del presidente Nicol\u00e1s Maduro, Venezuela saluda que desde esta tribuna se haya asumido la responsabilidad de rechazar estas escalada belicista y agresiones injustificadas as\u00ed como la violaci\u00f3n del derecho internacional y las ejecuciones extrajudiciales, tal como lo han reconocido expertos de la ONU\u201d, reza el texto.<\/p>\n\n\n\n<p><strong>\u200bLa postura del Alto Comisionado de la ONU<\/strong><br>\u200bLa condena de T\u00fcrk califica de \u201cinaceptables\u201d los ataques estadounidenses contra barcazas tildadas sin pruebas de &#8216;narcolanchas&#8217;, al considerar que no existe \u201cninguna justificaci\u00f3n legal\u201d que ampare esos procedimientos.<\/p>\n\n\n\n<p>\u200bEl alto funcionario de la ONU sostuvo que \u201cEl uso intencionado de la fuerza letal solo est\u00e1 permitido como \u00faltimo recurso y contra individuos que representan una amenaza inmediata para la vida\u201d.<\/p>\n\n\n\n<p>\u200bT\u00fcrk inst\u00f3 a investigar de manera \u201cr\u00e1pida, independiente y transparente\u201d todos los ataques, destacando que, a pesar de contar con \u201cinformaci\u00f3n muy escasa\u201d, \u201cninguno de los individuos en los barcos atacados representaba una amenaza inminente\u201d.<\/p>\n\n\n\n<p><strong>\u200bCompromiso con la Paz Regional<\/strong><br>\u200bCaracas reiter\u00f3 en su comunicado que \u201ccontinuar\u00e1 instando a todo el sistema de Naciones Unidas a utilizar todas las capacidades que los pueblos del mundo le han confiado, con el fin de defender la paz y la soberan\u00eda de todas las naciones\u201d. Subray\u00f3, en particular, su llamado en relaci\u00f3n con el decreto de \u2018Zona de Paz\u2019 para la regi\u00f3n caribe\u00f1a, declarado en 2014 por la Comunidad de Estados Latinoamericanos y Caribe\u00f1os (Celac).<\/p>\n\n\n\n<p><strong>\u200bVenezuela denuncia \u201cGuerra Multiforme\u201d<\/strong><br>\u200bEste pronunciamiento se enmarca en las denuncias constantes del presidente Nicol\u00e1s Maduro, quien ha declarado que su pa\u00eds es v\u00edctima de \u201cuna guerra multiforme\u201d orquestada desde EE. UU. El mandatario ha acusado a Washington de buscar imponer un \u201ccambio de r\u00e9gimen\u201d y un gobierno \u201ct\u00edtere\u201d para \u201crobarle el petr\u00f3leo, el gas, el oro y todos los recursos naturales\u201d.<\/p>\n\n\n\n<p>\u200bEl Gobierno venezolano ha se\u00f1alado que, junto a la \u201cagresi\u00f3n armada\u201d, Venezuela enfrenta una \u201cguerra comunicacional\u201d mediante campa\u00f1as de desinformaci\u00f3n, ante lo cual la Fuerza Armada Nacional Bolivariana (Fanb), la Milicia y los cuerpos policiales se mantienen realizando ejercicios militares para hacer frente a las amenazas externas.<\/p>\n\n\n\n<p>\u200bCon informaci\u00f3n de <strong>agencias<\/strong><\/p>\n","protected":false},"excerpt":{"rendered":"<p>El Gobierno de Venezuela, en nombre del presidente Nicol\u00e1s Maduro, salud\u00f3 este viernes la condena emitida por el alto comisionado de las Naciones Unidas para los Derechos Humanos, Volker T\u00fcrk, contra los bombardeos perpetrados por Estados Unidos (EE. UU.) sobre peque\u00f1as embarcaciones en el Caribe. \u200bRechazo a ejecuciones extrajudiciales y violaci\u00f3n del Derecho Internacional\u200bEl canciller [&hellip;]<\/p>\n","protected":false},"author":38,"featured_media":294058,"comment_status":"closed","ping_status":"closed","sticky":false,"template":"","format":"standard","meta":{"footnotes":""},"categories":[11],"tags":[448,105],"class_list":{"0":"post-294057","1":"post","2":"type-post","3":"status-publish","4":"format-standard","5":"has-post-thumbnail","7":"category-politica","8":"tag-mundo","9":"tag-venezuela"},"_links":{"self":[{"href":"https:\/\/elluchador.info\/index.php?rest_route=\/wp\/v2\/posts\/294057","targetHints":{"allow":["GET"]}}],"collection":[{"href":"https:\/\/elluchador.info\/index.php?rest_route=\/wp\/v2\/posts"}],"about":[{"href":"https:\/\/elluchador.info\/index.php?rest_route=\/wp\/v2\/types\/post"}],"author":[{"embeddable":true,"href":"https:\/\/elluchador.info\/index.php?rest_route=\/wp\/v2\/users\/38"}],"replies":[{"embeddable":true,"href":"https:\/\/elluchador.info\/index.php?rest_route=%2Fwp%2Fv2%2Fcomments&post=294057"}],"version-history":[{"count":1,"href":"https:\/\/elluchador.info\/index.php?rest_route=\/wp\/v2\/posts\/294057\/revisions"}],"predecessor-version":[{"id":294059,"href":"https:\/\/elluchador.info\/index.php?rest_route=\/wp\/v2\/posts\/294057\/revisions\/294059"}],"wp:featuredmedia":[{"embeddable":true,"href":"https:\/\/elluchador.info\/index.php?rest_route=\/wp\/v2\/media\/294058"}],"wp:attachment":[{"href":"https:\/\/elluchador.info\/index.php?rest_route=%2Fwp%2Fv2%2Fmedia&parent=294057"}],"wp:term":[{"taxonomy":"category","embeddable":true,"href":"https:\/\/elluchador.info\/index.php?rest_route=%2Fwp%2Fv2%2Fcategories&post=294057"},{"taxonomy":"post_tag","embeddable":true,"href":"https:\/\/elluchador.info\/index.php?rest_route=%2Fwp%2Fv2%2Ftags&post=294057"}],"curies":[{"name":"wp","href":"https:\/\/api.w.org\/{rel}","templated":true}]}}