{"id":294136,"date":"2025-11-04T12:43:48","date_gmt":"2025-11-04T16:43:48","guid":{"rendered":"https:\/\/elluchador.info\/?p=294136"},"modified":"2025-11-04T12:43:52","modified_gmt":"2025-11-04T16:43:52","slug":"fondo-bolivar-realizo-certificacion-de-saberes-a-emprendedores-de-angostura-del-orinoco","status":"publish","type":"post","link":"https:\/\/elluchador.info\/?p=294136","title":{"rendered":"Fondo Bol\u00edvar realiz\u00f3 certificaci\u00f3n de saberes a emprendedores de Angostura del Orinoco"},"content":{"rendered":"\n<p>Con el objetivo de avanzar en la primera transformaci\u00f3n para consolidar el desarrollo econ\u00f3mico del estado Bol\u00edvar, tal como lo ha instruido el presidente Nicol\u00e1s Maduro; la gobernadora Yulisbeth Garc\u00eda contin\u00faa orientando una serie de acciones a trav\u00e9s de Fondo Bol\u00edvar para impulsar a los emprendedores.<\/p>\n\n\n\n<p>Este fin de semana se llev\u00f3 a cabo la certificaci\u00f3n de saberes, en un esfuerzo conjunto con<br>el Instituto de Capacitaci\u00f3n y Educaci\u00f3n Socialista (Inces), dirigido a emprendedores del<br>municipio Angostura del Orinoco.<\/p>\n\n\n<div class=\"wp-block-image\">\n<figure class=\"aligncenter size-large is-resized\"><img loading=\"lazy\" decoding=\"async\" width=\"1024\" height=\"768\" src=\"https:\/\/elluchador.info\/wp-content\/uploads\/2025\/11\/foto4-Fondo-B-1024x768.jpeg\" alt=\"\" class=\"wp-image-294137\" style=\"width:590px;height:auto\" srcset=\"https:\/\/elluchador.info\/wp-content\/uploads\/2025\/11\/foto4-Fondo-B-1024x768.jpeg 1024w, https:\/\/elluchador.info\/wp-content\/uploads\/2025\/11\/foto4-Fondo-B-300x225.jpeg 300w, https:\/\/elluchador.info\/wp-content\/uploads\/2025\/11\/foto4-Fondo-B-768x576.jpeg 768w, https:\/\/elluchador.info\/wp-content\/uploads\/2025\/11\/foto4-Fondo-B-150x113.jpeg 150w, https:\/\/elluchador.info\/wp-content\/uploads\/2025\/11\/foto4-Fondo-B-696x522.jpeg 696w, https:\/\/elluchador.info\/wp-content\/uploads\/2025\/11\/foto4-Fondo-B-1068x801.jpeg 1068w, https:\/\/elluchador.info\/wp-content\/uploads\/2025\/11\/foto4-Fondo-B.jpeg 1280w\" sizes=\"auto, (max-width: 1024px) 100vw, 1024px\" \/><\/figure>\n<\/div>\n\n\n<p>La premisa es elevar las competencias de quienes quieren emprender o hacer crecer sus<br>negocios. Al certificar saberes de forma colaborativa; Fondo Bol\u00edvar busca promover un<br>capital humano m\u00e1s competitivo y adaptable a las exigencias de una econom\u00eda en<br>transformaci\u00f3n.<\/p>\n\n\n<div class=\"wp-block-image\">\n<figure class=\"aligncenter size-large is-resized\"><img loading=\"lazy\" decoding=\"async\" width=\"1024\" height=\"768\" src=\"https:\/\/elluchador.info\/wp-content\/uploads\/2025\/11\/foto3-Fondo-B-1024x768.jpeg\" alt=\"\" class=\"wp-image-294138\" style=\"width:580px;height:auto\" srcset=\"https:\/\/elluchador.info\/wp-content\/uploads\/2025\/11\/foto3-Fondo-B-1024x768.jpeg 1024w, https:\/\/elluchador.info\/wp-content\/uploads\/2025\/11\/foto3-Fondo-B-300x225.jpeg 300w, https:\/\/elluchador.info\/wp-content\/uploads\/2025\/11\/foto3-Fondo-B-768x576.jpeg 768w, https:\/\/elluchador.info\/wp-content\/uploads\/2025\/11\/foto3-Fondo-B-150x113.jpeg 150w, https:\/\/elluchador.info\/wp-content\/uploads\/2025\/11\/foto3-Fondo-B-696x522.jpeg 696w, https:\/\/elluchador.info\/wp-content\/uploads\/2025\/11\/foto3-Fondo-B-1068x801.jpeg 1068w, https:\/\/elluchador.info\/wp-content\/uploads\/2025\/11\/foto3-Fondo-B.jpeg 1280w\" sizes=\"auto, (max-width: 1024px) 100vw, 1024px\" \/><\/figure>\n<\/div>\n\n\n<p>Se certificaron oficios de pasteler\u00eda, reposter\u00eda, comida t\u00edpica, panader\u00eda, helader\u00eda,<br>dulcer\u00eda, elaboraci\u00f3n de vinos y confecci\u00f3n. Este esfuerzo se alinea con la pol\u00edtica de transformaci\u00f3n econ\u00f3mica que impulsa el Gobierno nacional a trav\u00e9s de las 7 Transformaciones, y que son lideradas por la gobernadora Yulisbeth Garc\u00eda en la regi\u00f3n.<\/p>\n\n\n<div class=\"wp-block-image\">\n<figure class=\"aligncenter size-large is-resized\"><img loading=\"lazy\" decoding=\"async\" width=\"1024\" height=\"634\" src=\"https:\/\/elluchador.info\/wp-content\/uploads\/2025\/11\/foto5-Fondo-B-1024x634.jpeg\" alt=\"\" class=\"wp-image-294139\" style=\"width:596px;height:auto\" srcset=\"https:\/\/elluchador.info\/wp-content\/uploads\/2025\/11\/foto5-Fondo-B-1024x634.jpeg 1024w, https:\/\/elluchador.info\/wp-content\/uploads\/2025\/11\/foto5-Fondo-B-300x186.jpeg 300w, https:\/\/elluchador.info\/wp-content\/uploads\/2025\/11\/foto5-Fondo-B-768x475.jpeg 768w, https:\/\/elluchador.info\/wp-content\/uploads\/2025\/11\/foto5-Fondo-B-150x93.jpeg 150w, https:\/\/elluchador.info\/wp-content\/uploads\/2025\/11\/foto5-Fondo-B-696x431.jpeg 696w, https:\/\/elluchador.info\/wp-content\/uploads\/2025\/11\/foto5-Fondo-B-1068x661.jpeg 1068w, https:\/\/elluchador.info\/wp-content\/uploads\/2025\/11\/foto5-Fondo-B.jpeg 1280w\" sizes=\"auto, (max-width: 1024px) 100vw, 1024px\" \/><\/figure>\n<\/div>\n\n\n<p>Con la T1 se promueve la inclusi\u00f3n de emprendedores y micro, peque\u00f1os y medianos<br>empresarios, y el acceso a capacidades t\u00e9cnicas, certificaciones \u00fatiles para la formalizaci\u00f3n<br>y el fortalecimiento de cadenas de valor locales. <\/p>\n\n\n\n<p>El equipo de Fondo Bol\u00edvar ratifica su compromiso de seguir empoderando a los\u00a0<br>emprendedores, mediante herramientas formativas y certificaciones reconocidas,<br>facilitando el acceso a mercados y a financiamiento.<\/p>\n\n\n\n<p><strong>Prensa Gobernaci\u00f3n de Bol\u00edvar<\/strong><\/p>\n","protected":false},"excerpt":{"rendered":"<p>Con el objetivo de avanzar en la primera transformaci\u00f3n para consolidar el desarrollo econ\u00f3mico del estado Bol\u00edvar, tal como lo ha instruido el presidente Nicol\u00e1s Maduro; la gobernadora Yulisbeth Garc\u00eda contin\u00faa orientando una serie de acciones a trav\u00e9s de Fondo Bol\u00edvar para impulsar a los emprendedores. Este fin de semana se llev\u00f3 a cabo la [&hellip;]<\/p>\n","protected":false},"author":33,"featured_media":294140,"comment_status":"closed","ping_status":"closed","sticky":false,"template":"","format":"standard","meta":{"footnotes":""},"categories":[5,12],"tags":[185,648],"class_list":{"0":"post-294136","1":"post","2":"type-post","3":"status-publish","4":"format-standard","5":"has-post-thumbnail","7":"category-destacado","8":"category-regionales","9":"tag-bolivar","10":"tag-emprendimientos"},"_links":{"self":[{"href":"https:\/\/elluchador.info\/index.php?rest_route=\/wp\/v2\/posts\/294136","targetHints":{"allow":["GET"]}}],"collection":[{"href":"https:\/\/elluchador.info\/index.php?rest_route=\/wp\/v2\/posts"}],"about":[{"href":"https:\/\/elluchador.info\/index.php?rest_route=\/wp\/v2\/types\/post"}],"author":[{"embeddable":true,"href":"https:\/\/elluchador.info\/index.php?rest_route=\/wp\/v2\/users\/33"}],"replies":[{"embeddable":true,"href":"https:\/\/elluchador.info\/index.php?rest_route=%2Fwp%2Fv2%2Fcomments&post=294136"}],"version-history":[{"count":1,"href":"https:\/\/elluchador.info\/index.php?rest_route=\/wp\/v2\/posts\/294136\/revisions"}],"predecessor-version":[{"id":294141,"href":"https:\/\/elluchador.info\/index.php?rest_route=\/wp\/v2\/posts\/294136\/revisions\/294141"}],"wp:featuredmedia":[{"embeddable":true,"href":"https:\/\/elluchador.info\/index.php?rest_route=\/wp\/v2\/media\/294140"}],"wp:attachment":[{"href":"https:\/\/elluchador.info\/index.php?rest_route=%2Fwp%2Fv2%2Fmedia&parent=294136"}],"wp:term":[{"taxonomy":"category","embeddable":true,"href":"https:\/\/elluchador.info\/index.php?rest_route=%2Fwp%2Fv2%2Fcategories&post=294136"},{"taxonomy":"post_tag","embeddable":true,"href":"https:\/\/elluchador.info\/index.php?rest_route=%2Fwp%2Fv2%2Ftags&post=294136"}],"curies":[{"name":"wp","href":"https:\/\/api.w.org\/{rel}","templated":true}]}}