{"id":294182,"date":"2025-11-04T17:33:27","date_gmt":"2025-11-04T21:33:27","guid":{"rendered":"https:\/\/elluchador.info\/?p=294182"},"modified":"2025-11-04T17:34:19","modified_gmt":"2025-11-04T21:34:19","slug":"liberan-al-periodista-joan-camargo-tras-100-horas-desaparecido","status":"publish","type":"post","link":"https:\/\/elluchador.info\/?p=294182","title":{"rendered":"Liberan al periodista Joan Camargo tras 100 horas desaparecido"},"content":{"rendered":"\n<p>El comunicador hab\u00eda permanecido en calidad de desaparecido forzosamente desde el pasado viernes, cuando fue interceptado por sujetos desconocidos al salir de su residencia. Este hecho gener\u00f3 una inmediata denuncia por parte de sus familiares y del gremio de prensa, quienes se movilizaron exigiendo informaci\u00f3n sobre su paradero.<\/p>\n\n\n\n<p>\u200bLa liberaci\u00f3n de Camargo representa el fin de una tensa espera para su entorno y para toda la comunidad period\u00edstica.<\/p>\n\n\n\n<p>\u200b<strong>SNTP exige investigaci\u00f3n y sanciones Urgentes<\/strong><br>\u200bSi bien el SNTP celebr\u00f3 el regreso del periodista, inmediatamente emiti\u00f3 una contundente exigencia a las autoridades competentes. La organizaci\u00f3n sindical demanda una respuesta firme ante este grave atropello a la libertad de prensa y los derechos humanos.<\/p>\n\n\n\n<p>\u200b<strong>En su pronunciamiento, el SNTP declar\u00f3:<\/strong><br>\u200b\u00abDesde el SNTP exigimos una investigaci\u00f3n oportuna y sanciones urgentes para los responsables de la desaparici\u00f3n forzosa de Joan Camargo, durante m\u00e1s de 100 horas\u00bb.<\/p>\n\n\n\n<p>\u200bLa exigencia subraya la necesidad de esclarecer los hechos, determinar qui\u00e9nes estuvieron detr\u00e1s de la interceptaci\u00f3n y posterior retenci\u00f3n del periodista, y aplicar las sanciones correspondientes para evitar que este tipo de acciones se repitan contra miembros del gremio.<\/p>\n\n\n\n<p>Con informaci\u00f3n de <strong>agencias<\/strong><\/p>\n","protected":false},"excerpt":{"rendered":"<p>El comunicador hab\u00eda permanecido en calidad de desaparecido forzosamente desde el pasado viernes, cuando fue interceptado por sujetos desconocidos al salir de su residencia. Este hecho gener\u00f3 una inmediata denuncia por parte de sus familiares y del gremio de prensa, quienes se movilizaron exigiendo informaci\u00f3n sobre su paradero. \u200bLa liberaci\u00f3n de Camargo representa el fin [&hellip;]<\/p>\n","protected":false},"author":38,"featured_media":294183,"comment_status":"closed","ping_status":"closed","sticky":false,"template":"","format":"standard","meta":{"footnotes":""},"categories":[11],"tags":[105],"class_list":{"0":"post-294182","1":"post","2":"type-post","3":"status-publish","4":"format-standard","5":"has-post-thumbnail","7":"category-politica","8":"tag-venezuela"},"_links":{"self":[{"href":"https:\/\/elluchador.info\/index.php?rest_route=\/wp\/v2\/posts\/294182","targetHints":{"allow":["GET"]}}],"collection":[{"href":"https:\/\/elluchador.info\/index.php?rest_route=\/wp\/v2\/posts"}],"about":[{"href":"https:\/\/elluchador.info\/index.php?rest_route=\/wp\/v2\/types\/post"}],"author":[{"embeddable":true,"href":"https:\/\/elluchador.info\/index.php?rest_route=\/wp\/v2\/users\/38"}],"replies":[{"embeddable":true,"href":"https:\/\/elluchador.info\/index.php?rest_route=%2Fwp%2Fv2%2Fcomments&post=294182"}],"version-history":[{"count":1,"href":"https:\/\/elluchador.info\/index.php?rest_route=\/wp\/v2\/posts\/294182\/revisions"}],"predecessor-version":[{"id":294184,"href":"https:\/\/elluchador.info\/index.php?rest_route=\/wp\/v2\/posts\/294182\/revisions\/294184"}],"wp:featuredmedia":[{"embeddable":true,"href":"https:\/\/elluchador.info\/index.php?rest_route=\/wp\/v2\/media\/294183"}],"wp:attachment":[{"href":"https:\/\/elluchador.info\/index.php?rest_route=%2Fwp%2Fv2%2Fmedia&parent=294182"}],"wp:term":[{"taxonomy":"category","embeddable":true,"href":"https:\/\/elluchador.info\/index.php?rest_route=%2Fwp%2Fv2%2Fcategories&post=294182"},{"taxonomy":"post_tag","embeddable":true,"href":"https:\/\/elluchador.info\/index.php?rest_route=%2Fwp%2Fv2%2Ftags&post=294182"}],"curies":[{"name":"wp","href":"https:\/\/api.w.org\/{rel}","templated":true}]}}