{"id":294192,"date":"2025-11-05T06:39:37","date_gmt":"2025-11-05T10:39:37","guid":{"rendered":"https:\/\/elluchador.info\/?p=294192"},"modified":"2025-11-05T06:40:14","modified_gmt":"2025-11-05T10:40:14","slug":"el-papa-insto-buscar-el-dialogo-para-resolver-tensiones-entre-ee-uu-y-venezuela","status":"publish","type":"post","link":"https:\/\/elluchador.info\/?p=294192","title":{"rendered":"El papa inst\u00f3 \u00abbuscar el di\u00e1logo\u00bb para resolver tensiones entre EE.UU. y Venezuela"},"content":{"rendered":"\n<p>\u200eEl papa Le\u00f3n XIV inst\u00f3 este martes a \u00abbuscar el di\u00e1logo\u00bb para encontrar una soluci\u00f3n a los problemas entre Estados Unidos y Venezuela en el mar del Caribe, e insisti\u00f3 en que \u00abcon la violencia no venceremos\u00bb, al ser preguntado por periodistas tras los recientes ataques en la zona.<br>\u200e<br>\u200e\u00abLo m\u00e1s importante es buscar el di\u00e1logo\u00bb, afirm\u00f3 el pont\u00edfice al ser consultado sobre la creciente tensi\u00f3n entre Caracas y Washington, despu\u00e9s de que el presidente estadounidense, Donald Trump, asegurara el domingo que \u00abno cree\u00bb que Estados Unidos vaya a entrar en guerra con Venezuela.<br>\u200e<br>\u200eEn su comparecencia ante la prensa al salir de su residencia de Castel Gandolfo, en las cercan\u00edas de Roma, el pont\u00edfice tambi\u00e9n se refiri\u00f3 a la situaci\u00f3n en Oriente Medio, donde dijo que la paz \u00abes muy fr\u00e1gil\u00bb y debe basarse en \u00abla justicia de todos los pueblos\u00bb.<br>\u200e<br>\u200e\u00abGracias a Dios, al menos la primera fase del acuerdo de paz sigue adelante, pero es muy fr\u00e1gil. Es necesario ver c\u00f3mo avanzar hacia la segunda parte, abordar el tema del gobierno y garantizar los derechos de todos\u00bb, explic\u00f3.<br>\u200e<br>\u200eCon informaci\u00f3n <strong>Agencias-.<\/strong><\/p>\n","protected":false},"excerpt":{"rendered":"<p>\u200eEl papa Le\u00f3n XIV inst\u00f3 este martes a \u00abbuscar el di\u00e1logo\u00bb para encontrar una soluci\u00f3n a los problemas entre Estados Unidos y Venezuela en el mar del Caribe, e insisti\u00f3 en que \u00abcon la violencia no venceremos\u00bb, al ser preguntado por periodistas tras los recientes ataques en la zona.\u200e\u200e\u00abLo m\u00e1s importante es buscar el di\u00e1logo\u00bb, [&hellip;]<\/p>\n","protected":false},"author":33,"featured_media":294193,"comment_status":"closed","ping_status":"closed","sticky":false,"template":"","format":"standard","meta":{"footnotes":""},"categories":[5,8],"tags":[1652,4022,105],"class_list":{"0":"post-294192","1":"post","2":"type-post","3":"status-publish","4":"format-standard","5":"has-post-thumbnail","7":"category-destacado","8":"category-internacionales","9":"tag-dialogo-2","10":"tag-papa-leon","11":"tag-venezuela"},"_links":{"self":[{"href":"https:\/\/elluchador.info\/index.php?rest_route=\/wp\/v2\/posts\/294192","targetHints":{"allow":["GET"]}}],"collection":[{"href":"https:\/\/elluchador.info\/index.php?rest_route=\/wp\/v2\/posts"}],"about":[{"href":"https:\/\/elluchador.info\/index.php?rest_route=\/wp\/v2\/types\/post"}],"author":[{"embeddable":true,"href":"https:\/\/elluchador.info\/index.php?rest_route=\/wp\/v2\/users\/33"}],"replies":[{"embeddable":true,"href":"https:\/\/elluchador.info\/index.php?rest_route=%2Fwp%2Fv2%2Fcomments&post=294192"}],"version-history":[{"count":1,"href":"https:\/\/elluchador.info\/index.php?rest_route=\/wp\/v2\/posts\/294192\/revisions"}],"predecessor-version":[{"id":294194,"href":"https:\/\/elluchador.info\/index.php?rest_route=\/wp\/v2\/posts\/294192\/revisions\/294194"}],"wp:featuredmedia":[{"embeddable":true,"href":"https:\/\/elluchador.info\/index.php?rest_route=\/wp\/v2\/media\/294193"}],"wp:attachment":[{"href":"https:\/\/elluchador.info\/index.php?rest_route=%2Fwp%2Fv2%2Fmedia&parent=294192"}],"wp:term":[{"taxonomy":"category","embeddable":true,"href":"https:\/\/elluchador.info\/index.php?rest_route=%2Fwp%2Fv2%2Fcategories&post=294192"},{"taxonomy":"post_tag","embeddable":true,"href":"https:\/\/elluchador.info\/index.php?rest_route=%2Fwp%2Fv2%2Ftags&post=294192"}],"curies":[{"name":"wp","href":"https:\/\/api.w.org\/{rel}","templated":true}]}}