{"id":294209,"date":"2025-11-05T11:04:54","date_gmt":"2025-11-05T15:04:54","guid":{"rendered":"https:\/\/elluchador.info\/?p=294209"},"modified":"2025-11-05T11:07:45","modified_gmt":"2025-11-05T15:07:45","slug":"inameh-preven-fuertes-lluvias-al-sur-centro-y-occidente-del-pais","status":"publish","type":"post","link":"https:\/\/elluchador.info\/?p=294209","title":{"rendered":"Inameh prev\u00e9 fuertes lluvias al sur, centro y occidente del pa\u00eds"},"content":{"rendered":"\n<p>La Zona de Convergencia Intertropical (ZCIT) se mantiene activa sobre el sur de Venezuela, lo cual genera lluvias fuertes y persistentes al sur, centro y occidente del pa\u00eds, rese\u00f1\u00f3 una publicaci\u00f3n del Instituto Nacional de Meteorolog\u00eda e Hidrolog\u00eda (Inameh) en su canal de Telegram.<\/p>\n\n\n\n<p>Un anticicl\u00f3n y un sistema frontal en el Atl\u00e1ntico interact\u00faan con este fen\u00f3meno, dirigiendo el flujo de humedad hacia Venezuela. Adem\u00e1s, al norte de Colombia se detecta una baja presi\u00f3n semipermanente y la Onda Tropical 53 sobre Centroam\u00e9rica, lo cual potencia la inestabilidad en el Occidente.<\/p>\n\n\n\n<p>En horas de la madrugada y la ma\u00f1ana, persiste cielo parcialmente nublado y algunas zonas despejadas en gran parte del territorio nacional. Sin embargo, existir\u00e1n mantos nubosos que producir\u00e1n precipitaciones de intensidad variable en partes de Bol\u00edvar, Amazonas, Monagas, Anzo\u00e1tegui, Miranda, Apure, Barinas, Gu\u00e1rico, los Andes, Falc\u00f3n y Zulia.<\/p>\n\n\n\n<p>Durante la tarde y noche, se espera un incremento en la nubosidad, la cual traer\u00e1 lluvias y chubascos intensos con ocasionales descargas el\u00e9ctricas en nuestra Guayana Esequiba, Bol\u00edvar, Amazonas, Delta Amacuro, Monagas, Sucre, Regi\u00f3n Central, Cojedes, Llanos Occidentales, Falc\u00f3n, Yaracuy, Lara, Andes y Zulia.<\/p>\n\n\n\n<p>Con informaci\u00f3n <strong>AVN<\/strong><\/p>\n","protected":false},"excerpt":{"rendered":"<p>La Zona de Convergencia Intertropical (ZCIT) se mantiene activa sobre el sur de Venezuela, lo cual genera lluvias fuertes y persistentes al sur, centro y occidente del pa\u00eds, rese\u00f1\u00f3 una publicaci\u00f3n del Instituto Nacional de Meteorolog\u00eda e Hidrolog\u00eda (Inameh) en su canal de Telegram. Un anticicl\u00f3n y un sistema frontal en el Atl\u00e1ntico interact\u00faan con [&hellip;]<\/p>\n","protected":false},"author":33,"featured_media":273867,"comment_status":"closed","ping_status":"closed","sticky":false,"template":"","format":"standard","meta":{"footnotes":""},"categories":[9],"tags":[107,105],"class_list":{"0":"post-294209","1":"post","2":"type-post","3":"status-publish","4":"format-standard","5":"has-post-thumbnail","7":"category-nacionales","8":"tag-lluvias","9":"tag-venezuela"},"_links":{"self":[{"href":"https:\/\/elluchador.info\/index.php?rest_route=\/wp\/v2\/posts\/294209","targetHints":{"allow":["GET"]}}],"collection":[{"href":"https:\/\/elluchador.info\/index.php?rest_route=\/wp\/v2\/posts"}],"about":[{"href":"https:\/\/elluchador.info\/index.php?rest_route=\/wp\/v2\/types\/post"}],"author":[{"embeddable":true,"href":"https:\/\/elluchador.info\/index.php?rest_route=\/wp\/v2\/users\/33"}],"replies":[{"embeddable":true,"href":"https:\/\/elluchador.info\/index.php?rest_route=%2Fwp%2Fv2%2Fcomments&post=294209"}],"version-history":[{"count":2,"href":"https:\/\/elluchador.info\/index.php?rest_route=\/wp\/v2\/posts\/294209\/revisions"}],"predecessor-version":[{"id":294211,"href":"https:\/\/elluchador.info\/index.php?rest_route=\/wp\/v2\/posts\/294209\/revisions\/294211"}],"wp:featuredmedia":[{"embeddable":true,"href":"https:\/\/elluchador.info\/index.php?rest_route=\/wp\/v2\/media\/273867"}],"wp:attachment":[{"href":"https:\/\/elluchador.info\/index.php?rest_route=%2Fwp%2Fv2%2Fmedia&parent=294209"}],"wp:term":[{"taxonomy":"category","embeddable":true,"href":"https:\/\/elluchador.info\/index.php?rest_route=%2Fwp%2Fv2%2Fcategories&post=294209"},{"taxonomy":"post_tag","embeddable":true,"href":"https:\/\/elluchador.info\/index.php?rest_route=%2Fwp%2Fv2%2Ftags&post=294209"}],"curies":[{"name":"wp","href":"https:\/\/api.w.org\/{rel}","templated":true}]}}