{"id":294225,"date":"2025-11-05T12:57:56","date_gmt":"2025-11-05T16:57:56","guid":{"rendered":"https:\/\/elluchador.info\/?p=294225"},"modified":"2025-11-05T12:58:05","modified_gmt":"2025-11-05T16:58:05","slug":"cristiano-ronaldo-confiesa-que-su-retiro-sera-pronto-y-duro","status":"publish","type":"post","link":"https:\/\/elluchador.info\/?p=294225","title":{"rendered":"Cristiano Ronaldo confiesa que su retiro ser\u00e1 \u201cpronto\u201d y \u201cduro\u201d"},"content":{"rendered":"\n<p>En una entrevista \u00edntima con el presentador brit\u00e1nico Piers Morgan, emitida este martes desde su residencia en Arabia Saud\u00ed, Cristiano Ronaldo revel\u00f3 que su retirada del f\u00fatbol profesional est\u00e1 cerca y que, aunque se siente preparado, ser\u00e1 un momento dif\u00edcil de afrontar.<\/p>\n\n\n\n<p>\u201c\u00bfPuedes imaginarte retir\u00e1ndote?\u201d, pregunt\u00f3 Morgan. \u201cS\u00ed\u201d, respondi\u00f3 el astro portugu\u00e9s, antes de admitir: \u201cSer\u00e1 pronto. Pero creo que estar\u00e9 preparado. Ser\u00e1 duro, ser\u00e1 dif\u00edcil, s\u00ed, probablemente llorar\u00e9\u201d.<\/p>\n\n\n\n<p>El exjugador del Real Madrid y del Manchester United confes\u00f3 que lleva preparando su futuro desde los 25 a\u00f1os, lo que le da confianza para enfrentar la presi\u00f3n del adi\u00f3s. Sin embargo, reconoci\u00f3 que nada podr\u00e1 igualar la emoci\u00f3n de marcar un gol:<\/p>\n\n\n\n<p>\u201cNada se compara con la adrenalina del f\u00fatbol\u201d.<\/p>\n\n\n\n<p><strong><em>Ronaldo, de 40 a\u00f1os, se mostr\u00f3 sereno al hablar del cierre de su carrera:<\/em><\/strong><\/p>\n\n\n\n<p>\u201cTodo tiene un principio y un final\u201d, dijo, asegurando que su retiro le permitir\u00e1 dedicar m\u00e1s tiempo a su familia y explorar nuevas facetas personales.<\/p>\n\n\n\n<p>La conversaci\u00f3n, grabada en lo que Morgan llam\u00f3 la \u201cCueva de hombre\u201d del futbolista, abord\u00f3 tambi\u00e9n su reciente ingreso al exclusivo \u201cclub\u201d de multimillonarios, siendo el primer jugador en lograrlo dentro del deporte.<\/p>\n\n\n\n<p>Aunque asegur\u00f3 que no le gusta gastar en cosas caras, Ronaldo admiti\u00f3 haber comprado recientemente un coche de alta gama y se mostr\u00f3 indeciso sobre cu\u00e1ntos veh\u00edculos posee:<\/p>\n\n\n\n<p>\u201cCreo que unos 41\u201d, dijo entre risas, reafirmando que se considera una persona \u201cnormal\u201d.<\/p>\n\n\n\n<p>Al ser consultado sobre qu\u00e9 jugadores ha seguido en las \u00faltimas d\u00e9cadas, Cristiano mencion\u00f3 a leyendas como Ronaldo, Ronaldinho y Kak\u00e1, aunque aclar\u00f3 que no suele seguir a futbolistas en particular:<\/p>\n\n\n\n<p>\u201cVeo partidos, a los jugadores\u2026 Brasil, Argentina, Espa\u00f1a\u201d.<\/p>\n\n\n\n<p>Tambi\u00e9n rememor\u00f3 la entrevista que le hizo Morgan en 2022, la cual precipit\u00f3 su salida del Manchester United.<\/p>\n\n\n\n<p>\u201cTen\u00eda raz\u00f3n\u201d, afirm\u00f3, y ambos coincidieron en que los problemas del club persisten, descartando que pueda ganar la Premier League esta temporada.<\/p>\n\n\n\n<p>Con informaci\u00f3n de <strong>La Verdad<\/strong><\/p>\n","protected":false},"excerpt":{"rendered":"<p>En una entrevista \u00edntima con el presentador brit\u00e1nico Piers Morgan, emitida este martes desde su residencia en Arabia Saud\u00ed, Cristiano Ronaldo revel\u00f3 que su retirada del f\u00fatbol profesional est\u00e1 cerca y que, aunque se siente preparado, ser\u00e1 un momento dif\u00edcil de afrontar. \u201c\u00bfPuedes imaginarte retir\u00e1ndote?\u201d, pregunt\u00f3 Morgan. \u201cS\u00ed\u201d, respondi\u00f3 el astro portugu\u00e9s, antes de admitir: [&hellip;]<\/p>\n","protected":false},"author":33,"featured_media":294226,"comment_status":"closed","ping_status":"closed","sticky":false,"template":"","format":"standard","meta":{"footnotes":""},"categories":[4],"tags":[],"class_list":{"0":"post-294225","1":"post","2":"type-post","3":"status-publish","4":"format-standard","5":"has-post-thumbnail","7":"category-deportes"},"_links":{"self":[{"href":"https:\/\/elluchador.info\/index.php?rest_route=\/wp\/v2\/posts\/294225","targetHints":{"allow":["GET"]}}],"collection":[{"href":"https:\/\/elluchador.info\/index.php?rest_route=\/wp\/v2\/posts"}],"about":[{"href":"https:\/\/elluchador.info\/index.php?rest_route=\/wp\/v2\/types\/post"}],"author":[{"embeddable":true,"href":"https:\/\/elluchador.info\/index.php?rest_route=\/wp\/v2\/users\/33"}],"replies":[{"embeddable":true,"href":"https:\/\/elluchador.info\/index.php?rest_route=%2Fwp%2Fv2%2Fcomments&post=294225"}],"version-history":[{"count":1,"href":"https:\/\/elluchador.info\/index.php?rest_route=\/wp\/v2\/posts\/294225\/revisions"}],"predecessor-version":[{"id":294227,"href":"https:\/\/elluchador.info\/index.php?rest_route=\/wp\/v2\/posts\/294225\/revisions\/294227"}],"wp:featuredmedia":[{"embeddable":true,"href":"https:\/\/elluchador.info\/index.php?rest_route=\/wp\/v2\/media\/294226"}],"wp:attachment":[{"href":"https:\/\/elluchador.info\/index.php?rest_route=%2Fwp%2Fv2%2Fmedia&parent=294225"}],"wp:term":[{"taxonomy":"category","embeddable":true,"href":"https:\/\/elluchador.info\/index.php?rest_route=%2Fwp%2Fv2%2Fcategories&post=294225"},{"taxonomy":"post_tag","embeddable":true,"href":"https:\/\/elluchador.info\/index.php?rest_route=%2Fwp%2Fv2%2Ftags&post=294225"}],"curies":[{"name":"wp","href":"https:\/\/api.w.org\/{rel}","templated":true}]}}