{"id":294245,"date":"2025-11-05T18:48:07","date_gmt":"2025-11-05T22:48:07","guid":{"rendered":"https:\/\/elluchador.info\/?p=294245"},"modified":"2025-11-05T18:48:18","modified_gmt":"2025-11-05T22:48:18","slug":"urbanizacion-vista-hermosa-sufre-constantes-bajones-electricos","status":"publish","type":"post","link":"https:\/\/elluchador.info\/?p=294245","title":{"rendered":"Urbanizaci\u00f3n Vista Hermosa sufre constantes bajones el\u00e9ctricos"},"content":{"rendered":"\n<p>\u200eLos habitantes de la urbanizaci\u00f3n Vista Hermosa, en la parroquia del mismo nombre, han venido enfrentando en los \u00faltimos dos meses una preocupante inestabilidad en el servicio el\u00e9ctrico, caracterizada por frecuentes bajones de luz tanto en el d\u00eda como en la noche.<br>\u200e<br>\u200eLa situaci\u00f3n se agrav\u00f3 la semana pasada, especialmente en las cercan\u00edas del estadio Heres, donde los cortes y fluctuaciones fueron continuos durante varios d\u00edas, afectando el desempe\u00f1o de los comercios y la vida cotidiana de los vecinos.<br>\u200e<br>\u200e\u201cLos bajones son tan constantes que afectan el trabajo y los servicios que prestamos. No hay aviso, no hay soluci\u00f3n y cada d\u00eda el problema empeora\u201d, expres\u00f3 un comerciante de la zona que prefiri\u00f3 mantener el anonimato.<br>\u200e<br>\u200eAnte esta problem\u00e1tica, los residentes hacen un llamado a la Corporaci\u00f3n El\u00e9ctrica Nacional (Corpoelec) para que informe con anticipaci\u00f3n sobre cualquier regulaci\u00f3n o mantenimiento programado, y adopte medidas correctivas que garanticen un suministro el\u00e9ctrico estable y seguro en Vista Hermosa.<br>\u200e<br><strong>\u200eYanitza Mart\u00ednez<\/strong><\/p>\n","protected":false},"excerpt":{"rendered":"<p>\u200eLos habitantes de la urbanizaci\u00f3n Vista Hermosa, en la parroquia del mismo nombre, han venido enfrentando en los \u00faltimos dos meses una preocupante inestabilidad en el servicio el\u00e9ctrico, caracterizada por frecuentes bajones de luz tanto en el d\u00eda como en la noche.\u200e\u200eLa situaci\u00f3n se agrav\u00f3 la semana pasada, especialmente en las cercan\u00edas del estadio Heres, [&hellip;]<\/p>\n","protected":false},"author":33,"featured_media":294246,"comment_status":"closed","ping_status":"closed","sticky":false,"template":"","format":"standard","meta":{"footnotes":""},"categories":[2],"tags":[185,306],"class_list":{"0":"post-294245","1":"post","2":"type-post","3":"status-publish","4":"format-standard","5":"has-post-thumbnail","7":"category-comunidad","8":"tag-bolivar","9":"tag-ciudad-bolivar"},"_links":{"self":[{"href":"https:\/\/elluchador.info\/index.php?rest_route=\/wp\/v2\/posts\/294245","targetHints":{"allow":["GET"]}}],"collection":[{"href":"https:\/\/elluchador.info\/index.php?rest_route=\/wp\/v2\/posts"}],"about":[{"href":"https:\/\/elluchador.info\/index.php?rest_route=\/wp\/v2\/types\/post"}],"author":[{"embeddable":true,"href":"https:\/\/elluchador.info\/index.php?rest_route=\/wp\/v2\/users\/33"}],"replies":[{"embeddable":true,"href":"https:\/\/elluchador.info\/index.php?rest_route=%2Fwp%2Fv2%2Fcomments&post=294245"}],"version-history":[{"count":1,"href":"https:\/\/elluchador.info\/index.php?rest_route=\/wp\/v2\/posts\/294245\/revisions"}],"predecessor-version":[{"id":294247,"href":"https:\/\/elluchador.info\/index.php?rest_route=\/wp\/v2\/posts\/294245\/revisions\/294247"}],"wp:featuredmedia":[{"embeddable":true,"href":"https:\/\/elluchador.info\/index.php?rest_route=\/wp\/v2\/media\/294246"}],"wp:attachment":[{"href":"https:\/\/elluchador.info\/index.php?rest_route=%2Fwp%2Fv2%2Fmedia&parent=294245"}],"wp:term":[{"taxonomy":"category","embeddable":true,"href":"https:\/\/elluchador.info\/index.php?rest_route=%2Fwp%2Fv2%2Fcategories&post=294245"},{"taxonomy":"post_tag","embeddable":true,"href":"https:\/\/elluchador.info\/index.php?rest_route=%2Fwp%2Fv2%2Ftags&post=294245"}],"curies":[{"name":"wp","href":"https:\/\/api.w.org\/{rel}","templated":true}]}}