{"id":294248,"date":"2025-11-05T19:21:02","date_gmt":"2025-11-05T23:21:02","guid":{"rendered":"https:\/\/elluchador.info\/?p=294248"},"modified":"2025-11-05T19:21:06","modified_gmt":"2025-11-05T23:21:06","slug":"venezuela-y-colombia-fortalecen-politicas-de-salud","status":"publish","type":"post","link":"https:\/\/elluchador.info\/?p=294248","title":{"rendered":"Venezuela y Colombia fortalecen pol\u00edticas de salud"},"content":{"rendered":"\n<p>\u200eUna delegaci\u00f3n del Ministerio para la Salud de Venezuela, sostuvo un encuentro t\u00e9cnico en Colombia, con el fin de afinar algunos puntos que permitan fortalecer pol\u00edticas en este sector. <\/p>\n\n\n\n<p>\u200eLa representaci\u00f3n neogranadina estuvo a cargo del Dr. Guillermo Alfonso Jaramillo, Ministro de Salud, quien recibi\u00f3 a los visitantes venezolanos y as\u00ed darle continuidad a los lazos de hermandad Sur \u2013 Sur. <\/p>\n\n\n\n<p>\u200eEn una nota de prensa del Ministerio de Salud de Venezuela, se detalla que en el encuentro se dialog\u00f3 sobre emergencias, desastres y gesti\u00f3n hospitalaria, escenario propicio para el intercambio de experiencias. <\/p>\n\n\n\n<p>\u200e\u00abEstamos compartiendo saberes y experiencias que nos permiten avanzar en la construcci\u00f3n de sistemas de salud m\u00e1s integrales, inclusivos y adaptados a las realidades de nuestros pueblos\u00bb, indic\u00f3 el viceministro de Hospitales del Ministerio de Salud de Venezuela. <\/p>\n\n\n\n<p>La delegaci\u00f3n venezolana permanecer\u00e1 en Colombia durante una semana, cumpliendo una agenda de trabajo que incluye visitas a centros asistenciales y de formaci\u00f3n, con la meta de seguir fortaleciendo el bienestar de las poblaciones a trav\u00e9s de la cooperaci\u00f3n regional. <\/p>\n\n\n\n<p>\u200eCon informaci\u00f3n <strong>\u00daN<\/strong><\/p>\n","protected":false},"excerpt":{"rendered":"<p>\u200eUna delegaci\u00f3n del Ministerio para la Salud de Venezuela, sostuvo un encuentro t\u00e9cnico en Colombia, con el fin de afinar algunos puntos que permitan fortalecer pol\u00edticas en este sector. \u200eLa representaci\u00f3n neogranadina estuvo a cargo del Dr. Guillermo Alfonso Jaramillo, Ministro de Salud, quien recibi\u00f3 a los visitantes venezolanos y as\u00ed darle continuidad a los [&hellip;]<\/p>\n","protected":false},"author":33,"featured_media":294249,"comment_status":"closed","ping_status":"closed","sticky":false,"template":"","format":"standard","meta":{"footnotes":""},"categories":[9],"tags":[2052,397,352],"class_list":{"0":"post-294248","1":"post","2":"type-post","3":"status-publish","4":"format-standard","5":"has-post-thumbnail","7":"category-nacionales","8":"tag-alianzas","9":"tag-colombia","10":"tag-gobierno"},"_links":{"self":[{"href":"https:\/\/elluchador.info\/index.php?rest_route=\/wp\/v2\/posts\/294248","targetHints":{"allow":["GET"]}}],"collection":[{"href":"https:\/\/elluchador.info\/index.php?rest_route=\/wp\/v2\/posts"}],"about":[{"href":"https:\/\/elluchador.info\/index.php?rest_route=\/wp\/v2\/types\/post"}],"author":[{"embeddable":true,"href":"https:\/\/elluchador.info\/index.php?rest_route=\/wp\/v2\/users\/33"}],"replies":[{"embeddable":true,"href":"https:\/\/elluchador.info\/index.php?rest_route=%2Fwp%2Fv2%2Fcomments&post=294248"}],"version-history":[{"count":1,"href":"https:\/\/elluchador.info\/index.php?rest_route=\/wp\/v2\/posts\/294248\/revisions"}],"predecessor-version":[{"id":294250,"href":"https:\/\/elluchador.info\/index.php?rest_route=\/wp\/v2\/posts\/294248\/revisions\/294250"}],"wp:featuredmedia":[{"embeddable":true,"href":"https:\/\/elluchador.info\/index.php?rest_route=\/wp\/v2\/media\/294249"}],"wp:attachment":[{"href":"https:\/\/elluchador.info\/index.php?rest_route=%2Fwp%2Fv2%2Fmedia&parent=294248"}],"wp:term":[{"taxonomy":"category","embeddable":true,"href":"https:\/\/elluchador.info\/index.php?rest_route=%2Fwp%2Fv2%2Fcategories&post=294248"},{"taxonomy":"post_tag","embeddable":true,"href":"https:\/\/elluchador.info\/index.php?rest_route=%2Fwp%2Fv2%2Ftags&post=294248"}],"curies":[{"name":"wp","href":"https:\/\/api.w.org\/{rel}","templated":true}]}}