{"id":294593,"date":"2025-11-09T18:07:44","date_gmt":"2025-11-09T22:07:44","guid":{"rendered":"https:\/\/elluchador.info\/?p=294593"},"modified":"2025-11-09T18:07:54","modified_gmt":"2025-11-09T22:07:54","slug":"francia-no-firmara-acuerdo-agricola-con-mercosur","status":"publish","type":"post","link":"https:\/\/elluchador.info\/?p=294593","title":{"rendered":"Francia no firmar\u00e1 acuerdo agr\u00edcola con Mercosur"},"content":{"rendered":"\n<p>\u200eFrancia \u00abno firmar\u00e1\u00bb el acuerdo comercial con los pa\u00edses latinoamericanos del Mercosur porque \u00abcondenar\u00eda\u00bb a sus agricultores, asegur\u00f3 este domingo la ministra de Agricultura, Annie Genevard.<br>\u200e<br>\u200e\u00bbQueremos apoyar a nuestros agricultores y por eso Francia no firmar\u00e1 un acuerdo que a la larga los condenar\u00eda\u00bb, declar\u00f3 la ministra al peri\u00f3dico JDD, reafirmando las \u00abl\u00edneas rojas\u00bb de su gobierno. Pese a estas declaraciones, el presidente franc\u00e9s, Emmanuel Macron, asegur\u00f3 esta semana que ve perspectivas positivas para la firma del acuerdo comercial entre la Uni\u00f3n Europea y el Mercosur (Brasil, Argentina, Paraguay y Uruguay).<br>\u200e<br><strong>\u200eSalvaguarda agr\u00edcola<\/strong><br>\u200e<br>\u200ePara firmar el acuerdo, la ministra pide una cl\u00e1usula de salvaguarda agr\u00edcola, medidas que impidan la importaci\u00f3n a Europa de productos agr\u00edcolas que no cumplen las normas sanitarias y medioambientales europeas y un refuerzo de los controles sanitarios.<br>\u200e<br>\u200eMacron se mostr\u00f3 el jueves en Brasil \u00abbastante positivo\u00bb sobre la posibilidad de aceptar este acuerdo comercial, aunque afirm\u00f3 mantenerse \u00abvigilante\u00bb.<br>\u200e<br>\u200eEl acuerdo fue firmado a finales de 2024 y el 3 de septiembre de 2025 fue adoptado por la Comisi\u00f3n Europea. Sin embargo, todav\u00eda tiene que ser aprobado por los 27 Estados miembros de la UE antes de entrar en vigor, con pa\u00edses muy reticentes a hacerlo, como Francia.<br>\u200e<br>\u200eCon informaci\u00f3n <strong>AFP<\/strong><\/p>\n","protected":false},"excerpt":{"rendered":"<p>\u200eFrancia \u00abno firmar\u00e1\u00bb el acuerdo comercial con los pa\u00edses latinoamericanos del Mercosur porque \u00abcondenar\u00eda\u00bb a sus agricultores, asegur\u00f3 este domingo la ministra de Agricultura, Annie Genevard.\u200e\u200e\u00bbQueremos apoyar a nuestros agricultores y por eso Francia no firmar\u00e1 un acuerdo que a la larga los condenar\u00eda\u00bb, declar\u00f3 la ministra al peri\u00f3dico JDD, reafirmando las \u00abl\u00edneas rojas\u00bb de [&hellip;]<\/p>\n","protected":false},"author":33,"featured_media":294594,"comment_status":"closed","ping_status":"closed","sticky":false,"template":"","format":"standard","meta":{"footnotes":""},"categories":[5,8],"tags":[3005,517,708,2618],"class_list":{"0":"post-294593","1":"post","2":"type-post","3":"status-publish","4":"format-standard","5":"has-post-thumbnail","7":"category-destacado","8":"category-internacionales","9":"tag-acuerdos","10":"tag-comercios","11":"tag-francia","12":"tag-mercosur"},"_links":{"self":[{"href":"https:\/\/elluchador.info\/index.php?rest_route=\/wp\/v2\/posts\/294593","targetHints":{"allow":["GET"]}}],"collection":[{"href":"https:\/\/elluchador.info\/index.php?rest_route=\/wp\/v2\/posts"}],"about":[{"href":"https:\/\/elluchador.info\/index.php?rest_route=\/wp\/v2\/types\/post"}],"author":[{"embeddable":true,"href":"https:\/\/elluchador.info\/index.php?rest_route=\/wp\/v2\/users\/33"}],"replies":[{"embeddable":true,"href":"https:\/\/elluchador.info\/index.php?rest_route=%2Fwp%2Fv2%2Fcomments&post=294593"}],"version-history":[{"count":1,"href":"https:\/\/elluchador.info\/index.php?rest_route=\/wp\/v2\/posts\/294593\/revisions"}],"predecessor-version":[{"id":294595,"href":"https:\/\/elluchador.info\/index.php?rest_route=\/wp\/v2\/posts\/294593\/revisions\/294595"}],"wp:featuredmedia":[{"embeddable":true,"href":"https:\/\/elluchador.info\/index.php?rest_route=\/wp\/v2\/media\/294594"}],"wp:attachment":[{"href":"https:\/\/elluchador.info\/index.php?rest_route=%2Fwp%2Fv2%2Fmedia&parent=294593"}],"wp:term":[{"taxonomy":"category","embeddable":true,"href":"https:\/\/elluchador.info\/index.php?rest_route=%2Fwp%2Fv2%2Fcategories&post=294593"},{"taxonomy":"post_tag","embeddable":true,"href":"https:\/\/elluchador.info\/index.php?rest_route=%2Fwp%2Fv2%2Ftags&post=294593"}],"curies":[{"name":"wp","href":"https:\/\/api.w.org\/{rel}","templated":true}]}}