{"id":294621,"date":"2025-11-10T07:45:00","date_gmt":"2025-11-10T11:45:00","guid":{"rendered":"https:\/\/elluchador.info\/?p=294621"},"modified":"2025-11-10T07:40:12","modified_gmt":"2025-11-10T11:40:12","slug":"bolivarenses-eligieron-voceros-para-los-comites-bolivarianos-de-base-integral-del-psuv","status":"publish","type":"post","link":"https:\/\/elluchador.info\/?p=294621","title":{"rendered":"Bolivarenses eligieron voceros para los Comit\u00e9s Bolivarianos de Base Integral del PSUV"},"content":{"rendered":"\n<p>En un ambiente de alegr\u00eda, entusiasmo y fervor patrio, los habitantes de los distintos territorios de Angostura del Orinoco participaron activamente en las asambleas de base para elegir a sus voceros de los Comit\u00e9s Bolivarianos de Base Integral del PSUV.<\/p>\n\n\n\n<p>Estos comit\u00e9s representan la vanguardia de la Revoluci\u00f3n, comprometidos con la defensa del pueblo noble y trabajador.<\/p>\n\n\n\n<p>Cada hombre y mujer electo como integrante de estos comit\u00e9s encarna el amor por la patria y la fuerza del poder popular, reafirmando el compromiso de seguir consolidando los espacios de participaci\u00f3n en esta nueva etapa de la Revoluci\u00f3n Bolivariana.<\/p>\n\n\n\n<p>El proceso, calificado como hist\u00f3rico y participativo, dando respaldo al presidente Nicol\u00e1s Maduro, as\u00ed como la compa\u00f1\u00eda del responsable estadal Francisco Torrealba y la gobernadora Yulisbeth Garc\u00eda y el alcalde Sergio Hern\u00e1ndez , quienes respaldaron las iniciativas de organizaci\u00f3n popular desde el altar de la patria, Ciudad Bol\u00edvar.<\/p>\n\n\n\n<p>Con informaci\u00f3n de <strong>Prensa PSUV AO<\/strong><\/p>\n","protected":false},"excerpt":{"rendered":"<p>En un ambiente de alegr\u00eda, entusiasmo y fervor patrio, los habitantes de los distintos territorios de Angostura del Orinoco participaron activamente en las asambleas de base para elegir a sus voceros de los Comit\u00e9s Bolivarianos de Base Integral del PSUV. Estos comit\u00e9s representan la vanguardia de la Revoluci\u00f3n, comprometidos con la defensa del pueblo noble [&hellip;]<\/p>\n","protected":false},"author":38,"featured_media":294622,"comment_status":"closed","ping_status":"closed","sticky":false,"template":"","format":"standard","meta":{"footnotes":""},"categories":[5,11],"tags":[185,105],"class_list":{"0":"post-294621","1":"post","2":"type-post","3":"status-publish","4":"format-standard","5":"has-post-thumbnail","7":"category-destacado","8":"category-politica","9":"tag-bolivar","10":"tag-venezuela"},"_links":{"self":[{"href":"https:\/\/elluchador.info\/index.php?rest_route=\/wp\/v2\/posts\/294621","targetHints":{"allow":["GET"]}}],"collection":[{"href":"https:\/\/elluchador.info\/index.php?rest_route=\/wp\/v2\/posts"}],"about":[{"href":"https:\/\/elluchador.info\/index.php?rest_route=\/wp\/v2\/types\/post"}],"author":[{"embeddable":true,"href":"https:\/\/elluchador.info\/index.php?rest_route=\/wp\/v2\/users\/38"}],"replies":[{"embeddable":true,"href":"https:\/\/elluchador.info\/index.php?rest_route=%2Fwp%2Fv2%2Fcomments&post=294621"}],"version-history":[{"count":1,"href":"https:\/\/elluchador.info\/index.php?rest_route=\/wp\/v2\/posts\/294621\/revisions"}],"predecessor-version":[{"id":294623,"href":"https:\/\/elluchador.info\/index.php?rest_route=\/wp\/v2\/posts\/294621\/revisions\/294623"}],"wp:featuredmedia":[{"embeddable":true,"href":"https:\/\/elluchador.info\/index.php?rest_route=\/wp\/v2\/media\/294622"}],"wp:attachment":[{"href":"https:\/\/elluchador.info\/index.php?rest_route=%2Fwp%2Fv2%2Fmedia&parent=294621"}],"wp:term":[{"taxonomy":"category","embeddable":true,"href":"https:\/\/elluchador.info\/index.php?rest_route=%2Fwp%2Fv2%2Fcategories&post=294621"},{"taxonomy":"post_tag","embeddable":true,"href":"https:\/\/elluchador.info\/index.php?rest_route=%2Fwp%2Fv2%2Ftags&post=294621"}],"curies":[{"name":"wp","href":"https:\/\/api.w.org\/{rel}","templated":true}]}}