{"id":294771,"date":"2025-11-11T17:00:00","date_gmt":"2025-11-11T21:00:00","guid":{"rendered":"https:\/\/elluchador.info\/?p=294771"},"modified":"2025-11-11T16:53:07","modified_gmt":"2025-11-11T20:53:07","slug":"an-aprueba-en-segunda-discusion-la-ley-de-comandos-para-la-defensa-integral-de-la-nacion","status":"publish","type":"post","link":"https:\/\/elluchador.info\/?p=294771","title":{"rendered":"AN aprueba en segunda discusi\u00f3n la Ley de Comandos para la Defensa Integral de la Naci\u00f3n"},"content":{"rendered":"\n<p>La Asamblea Nacional (AN) de la Rep\u00fablica Bolivariana de Venezuela aprob\u00f3 este martes, en segunda discusi\u00f3n, el Proyecto de Ley del Comando para la Defensa Integral de la Naci\u00f3n, un instrumento jur\u00eddico fundamental que consolida la nueva doctrina militar del pa\u00eds y fortalece el marco legal para la seguridad y soberan\u00eda nacional.<\/p>\n\n\n\n<p>\u200bLa propuesta, elevada al Parlamento por iniciativa del presidente de la Rep\u00fablica, Nicol\u00e1s Maduro, y el ministro del Poder Popular para la Defensa, Vladimir Padrino L\u00f3pez, recibi\u00f3 el respaldo un\u00e1nime de los diputados en su primera discusi\u00f3n el pasado 10 de octubre.<\/p>\n\n\n\n<p>\u200bEl presidente de la Asamblea Nacional, Jorge Rodr\u00edguez, calific\u00f3 la jornada como \u00abhist\u00f3rica\u00bb.<\/p>\n\n\n\n<p>\u200b\u00bbEl d\u00eda de hoy es hist\u00f3rico, porque, asentados en la nueva doctrina militar que nos legara el comandante Hugo Ch\u00e1vez y que ha enriquecido y desarrollado el presidente Nicol\u00e1s Maduro y el Gobierno Bolivariano, estamos aprobando una ley fundamental que conforma una nueva forma de atender el despliegue, el acatamiento de las \u00f3rdenes, el desplazamiento de las tropas y, sobre todo, la conjunci\u00f3n entre el pueblo y la Fuerza Armada\u00bb, resalt\u00f3 Rodr\u00edguez.<\/p>\n\n\n\n<p>\u200bLa nueva legislaci\u00f3n, que consta de tres t\u00edtulos y 35 art\u00edculos, suscribe el principio de corresponsabilidad del Estado y de todos los ciudadanos venezolanos frente a cualquier amenaza, tanto interna como externa, con el prop\u00f3sito fundamental de fortalecer la paz, la democracia y asegurar la defensa integral de la naci\u00f3n.<\/p>\n\n\n\n<p>\u200bCon esta aprobaci\u00f3n, el Gobierno Bolivariano avanza en la consolidaci\u00f3n de un marco legal que busca robustecer la capacidad de respuesta nacional y la articulaci\u00f3n c\u00edvico-militar para la protecci\u00f3n efectiva de la soberan\u00eda.<\/p>\n\n\n\n<p>\u200bA la sesi\u00f3n asistieron como invitados especiales integrantes de los diferentes componentes de la Fuerza Armada Nacional Bolivariana (FANB), quienes presenciaron la culminaci\u00f3n del proceso legislativo de esta ley clave.<\/p>\n\n\n\n<p>\u200bFinalmente, el Poder Legislativo aprovech\u00f3 la sesi\u00f3n para agradecer p\u00fablicamente el reciente pronunciamiento de la Duma rusa (Parlamento) en rechazo a la presencia de Estados Unidos en el mar Caribe.<br>\u200b<br>Con informaci\u00f3n de <strong>agencias<\/strong><\/p>\n","protected":false},"excerpt":{"rendered":"<p>La Asamblea Nacional (AN) de la Rep\u00fablica Bolivariana de Venezuela aprob\u00f3 este martes, en segunda discusi\u00f3n, el Proyecto de Ley del Comando para la Defensa Integral de la Naci\u00f3n, un instrumento jur\u00eddico fundamental que consolida la nueva doctrina militar del pa\u00eds y fortalece el marco legal para la seguridad y soberan\u00eda nacional. \u200bLa propuesta, elevada [&hellip;]<\/p>\n","protected":false},"author":38,"featured_media":294772,"comment_status":"closed","ping_status":"closed","sticky":false,"template":"","format":"standard","meta":{"footnotes":""},"categories":[5,11],"tags":[105],"class_list":{"0":"post-294771","1":"post","2":"type-post","3":"status-publish","4":"format-standard","5":"has-post-thumbnail","7":"category-destacado","8":"category-politica","9":"tag-venezuela"},"_links":{"self":[{"href":"https:\/\/elluchador.info\/index.php?rest_route=\/wp\/v2\/posts\/294771","targetHints":{"allow":["GET"]}}],"collection":[{"href":"https:\/\/elluchador.info\/index.php?rest_route=\/wp\/v2\/posts"}],"about":[{"href":"https:\/\/elluchador.info\/index.php?rest_route=\/wp\/v2\/types\/post"}],"author":[{"embeddable":true,"href":"https:\/\/elluchador.info\/index.php?rest_route=\/wp\/v2\/users\/38"}],"replies":[{"embeddable":true,"href":"https:\/\/elluchador.info\/index.php?rest_route=%2Fwp%2Fv2%2Fcomments&post=294771"}],"version-history":[{"count":1,"href":"https:\/\/elluchador.info\/index.php?rest_route=\/wp\/v2\/posts\/294771\/revisions"}],"predecessor-version":[{"id":294773,"href":"https:\/\/elluchador.info\/index.php?rest_route=\/wp\/v2\/posts\/294771\/revisions\/294773"}],"wp:featuredmedia":[{"embeddable":true,"href":"https:\/\/elluchador.info\/index.php?rest_route=\/wp\/v2\/media\/294772"}],"wp:attachment":[{"href":"https:\/\/elluchador.info\/index.php?rest_route=%2Fwp%2Fv2%2Fmedia&parent=294771"}],"wp:term":[{"taxonomy":"category","embeddable":true,"href":"https:\/\/elluchador.info\/index.php?rest_route=%2Fwp%2Fv2%2Fcategories&post=294771"},{"taxonomy":"post_tag","embeddable":true,"href":"https:\/\/elluchador.info\/index.php?rest_route=%2Fwp%2Fv2%2Ftags&post=294771"}],"curies":[{"name":"wp","href":"https:\/\/api.w.org\/{rel}","templated":true}]}}