{"id":294794,"date":"2025-11-12T07:02:15","date_gmt":"2025-11-12T11:02:15","guid":{"rendered":"https:\/\/elluchador.info\/?p=294794"},"modified":"2025-11-12T07:02:19","modified_gmt":"2025-11-12T11:02:19","slug":"maduro-promulga-ley-para-la-defensa-integral-de-la-nacion","status":"publish","type":"post","link":"https:\/\/elluchador.info\/?p=294794","title":{"rendered":"Maduro promulga Ley para la Defensa Integral de la Naci\u00f3n"},"content":{"rendered":"\n<p>\u200eEl presidente de la Rep\u00fablica, Nicol\u00e1s Maduro, oficializ\u00f3 este martes la promulgaci\u00f3n de la Ley del Comando para la Defensa Integral de la Naci\u00f3n, la cual redefine el enfoque estrat\u00e9gico de seguridad nacional.<br>\u200e<br>\u200eDesde el Palacio de Miraflores, en Caracas, el jefe de Estado enfatiz\u00f3 que este instrumento jur\u00eddico es clave para la nueva doctrina militar del pa\u00eds que establece la corresponsabilidad del Estado y de todos los venezolanos en la defensa del territorio venezolano frente a las amenazas internas y externas.<br>\u200e<br>\u200eEsta ley se basa en la doctrina de \u201cseguridad y defensa integral\u201d, para garantizar la independencia y soberan\u00eda nacional, porque busca formalizar y regular la participaci\u00f3n de la sociedad civil, por medio de los \u201ccomandos para la defensa integral\u201d, explic\u00f3.<br>\u200e<br>\u200eAdem\u00e1s, busca institucionalizar la participaci\u00f3n activa de la sociedad civil mediante la creaci\u00f3n de comandos territoriales que articulen esfuerzos en todos los niveles.<br>\u200e<br><strong>\u200eDos formas de lucha<\/strong><br>\u200e<br>\u200eEn el mismo orden, puntualiz\u00f3 que la doctrina contempla \u00abdos formas de lucha: la lucha no armada y la lucha armada\u00bb, con \u00abun momento de transici\u00f3n de la lucha no armada a la lucha armada\u00bb.<br>\u200e<br>\u200ePor su parte, el ministro de Defensa, Vladimir Padrino L\u00f3pez, asegur\u00f3 que la ley sancionada \u00abha sido un esfuerzo de a\u00f1os\u00bb porque el concepto de defensa integral de la naci\u00f3n \u00abven\u00eda manej\u00e1ndose desde la doctrina militar bolivariana\u00bb.<br>\u200e<br>\u200e\u00bbCon gran esfuerzo, lo llev\u00e1bamos y lo coordinamos con las instituciones, con las autoridades pol\u00edticas de las regiones, etc., para amalgamar toda la fortaleza, toda la potencia nacional y convertirla en poder nacional. [\u2026]. Esta ley le va a dar viabilidad a la defensa integral de la patria\u00bb, refiri\u00f3.<br>\u200e<br>\u200eOrden\u00f3 asimismo la activaci\u00f3n de \u00abtodos los comandos de defensa integral que re\u00fanen a todas las instituciones p\u00fablicas del Estado venezolano, a la instituci\u00f3n militar y a todo el poder popular\u00bb en la madrugada de este mi\u00e9rcoles 12 de noviembre.<br>\u200e<br>\u200e\u00bbSi nos tocara como rep\u00fablica, como pueblo ir a la lucha armada para defender esta sagrada herencia de los libertadores y libertadoras, [los comandos] est\u00e1n listos para ganar y para triunfar por el camino del patriotismo y la valent\u00eda\u00bb, asever\u00f3.<\/p>\n\n\n\n<p><strong>RT\/2001<\/strong><\/p>\n","protected":false},"excerpt":{"rendered":"<p>\u200eEl presidente de la Rep\u00fablica, Nicol\u00e1s Maduro, oficializ\u00f3 este martes la promulgaci\u00f3n de la Ley del Comando para la Defensa Integral de la Naci\u00f3n, la cual redefine el enfoque estrat\u00e9gico de seguridad nacional.\u200e\u200eDesde el Palacio de Miraflores, en Caracas, el jefe de Estado enfatiz\u00f3 que este instrumento jur\u00eddico es clave para la nueva doctrina militar [&hellip;]<\/p>\n","protected":false},"author":33,"featured_media":294796,"comment_status":"closed","ping_status":"closed","sticky":false,"template":"","format":"standard","meta":{"footnotes":""},"categories":[5,9],"tags":[2762,1698,105],"class_list":{"0":"post-294794","1":"post","2":"type-post","3":"status-publish","4":"format-standard","5":"has-post-thumbnail","7":"category-destacado","8":"category-nacionales","9":"tag-defensa","10":"tag-leyes","11":"tag-venezuela"},"_links":{"self":[{"href":"https:\/\/elluchador.info\/index.php?rest_route=\/wp\/v2\/posts\/294794","targetHints":{"allow":["GET"]}}],"collection":[{"href":"https:\/\/elluchador.info\/index.php?rest_route=\/wp\/v2\/posts"}],"about":[{"href":"https:\/\/elluchador.info\/index.php?rest_route=\/wp\/v2\/types\/post"}],"author":[{"embeddable":true,"href":"https:\/\/elluchador.info\/index.php?rest_route=\/wp\/v2\/users\/33"}],"replies":[{"embeddable":true,"href":"https:\/\/elluchador.info\/index.php?rest_route=%2Fwp%2Fv2%2Fcomments&post=294794"}],"version-history":[{"count":2,"href":"https:\/\/elluchador.info\/index.php?rest_route=\/wp\/v2\/posts\/294794\/revisions"}],"predecessor-version":[{"id":294797,"href":"https:\/\/elluchador.info\/index.php?rest_route=\/wp\/v2\/posts\/294794\/revisions\/294797"}],"wp:featuredmedia":[{"embeddable":true,"href":"https:\/\/elluchador.info\/index.php?rest_route=\/wp\/v2\/media\/294796"}],"wp:attachment":[{"href":"https:\/\/elluchador.info\/index.php?rest_route=%2Fwp%2Fv2%2Fmedia&parent=294794"}],"wp:term":[{"taxonomy":"category","embeddable":true,"href":"https:\/\/elluchador.info\/index.php?rest_route=%2Fwp%2Fv2%2Fcategories&post=294794"},{"taxonomy":"post_tag","embeddable":true,"href":"https:\/\/elluchador.info\/index.php?rest_route=%2Fwp%2Fv2%2Ftags&post=294794"}],"curies":[{"name":"wp","href":"https:\/\/api.w.org\/{rel}","templated":true}]}}