{"id":294881,"date":"2025-11-13T08:00:00","date_gmt":"2025-11-13T12:00:00","guid":{"rendered":"https:\/\/elluchador.info\/?p=294881"},"modified":"2025-11-13T07:42:05","modified_gmt":"2025-11-13T11:42:05","slug":"piden-restaurar-semaforo-en-avenidas-de-la-sabanita","status":"publish","type":"post","link":"https:\/\/elluchador.info\/?p=294881","title":{"rendered":"Piden restaurar sem\u00e1foro en avenidas de La Sabanita"},"content":{"rendered":"\n<p>Vecinos de las comunidades cercanas a la intersecci\u00f3n entre la avenida Menca de Leoni y el sector El Adobito expresaron su preocupaci\u00f3n por el sem\u00e1foro da\u00f1ado en la zona, el cual lleva varios meses fuera de servicio.<\/p>\n\n\n\n<p>La falla ha incrementado la peligrosidad del cruce, donde ya se han registrado varios accidentes de tr\u00e1nsito, seg\u00fan relatan conductores que transitan con frecuencia por el lugar.<\/p>\n\n\n\n<p>Residentes y choferes coinciden en que la falta de se\u00f1alizaci\u00f3n ha provocado choques entre veh\u00edculos y situaciones de riesgo para los peatones, especialmente en horas pico y con la presencia de motorizados. \u201cEs un cruce muy transitado y, sin sem\u00e1foro, nadie respeta el paso. Yo vivo aqu\u00ed y he presenciado varios incidentes que podr\u00edan evitarse si el sem\u00e1foro funcionara\u201d, coment\u00f3 el vecino Pablo Azuaje.<\/p>\n\n\n\n<p>Los habitantes hacen un llamado a los organismos competentes para que atiendan con urgencia esta situaci\u00f3n y restituyan el funcionamiento del sem\u00e1foro. Mientras tanto, exhortan a los conductores a extremar precauciones y respetar el paso peatonal para evitar nuevos accidentes.<\/p>\n\n\n\n<p><strong>Yanitza Mart\u00ednez<\/strong><\/p>\n","protected":false},"excerpt":{"rendered":"<p>Vecinos de las comunidades cercanas a la intersecci\u00f3n entre la avenida Menca de Leoni y el sector El Adobito expresaron su preocupaci\u00f3n por el sem\u00e1foro da\u00f1ado en la zona, el cual lleva varios meses fuera de servicio. La falla ha incrementado la peligrosidad del cruce, donde ya se han registrado varios accidentes de tr\u00e1nsito, seg\u00fan [&hellip;]<\/p>\n","protected":false},"author":38,"featured_media":294882,"comment_status":"closed","ping_status":"closed","sticky":false,"template":"","format":"standard","meta":{"footnotes":""},"categories":[2],"tags":[185,306,105],"class_list":{"0":"post-294881","1":"post","2":"type-post","3":"status-publish","4":"format-standard","5":"has-post-thumbnail","7":"category-comunidad","8":"tag-bolivar","9":"tag-ciudad-bolivar","10":"tag-venezuela"},"_links":{"self":[{"href":"https:\/\/elluchador.info\/index.php?rest_route=\/wp\/v2\/posts\/294881","targetHints":{"allow":["GET"]}}],"collection":[{"href":"https:\/\/elluchador.info\/index.php?rest_route=\/wp\/v2\/posts"}],"about":[{"href":"https:\/\/elluchador.info\/index.php?rest_route=\/wp\/v2\/types\/post"}],"author":[{"embeddable":true,"href":"https:\/\/elluchador.info\/index.php?rest_route=\/wp\/v2\/users\/38"}],"replies":[{"embeddable":true,"href":"https:\/\/elluchador.info\/index.php?rest_route=%2Fwp%2Fv2%2Fcomments&post=294881"}],"version-history":[{"count":2,"href":"https:\/\/elluchador.info\/index.php?rest_route=\/wp\/v2\/posts\/294881\/revisions"}],"predecessor-version":[{"id":294885,"href":"https:\/\/elluchador.info\/index.php?rest_route=\/wp\/v2\/posts\/294881\/revisions\/294885"}],"wp:featuredmedia":[{"embeddable":true,"href":"https:\/\/elluchador.info\/index.php?rest_route=\/wp\/v2\/media\/294882"}],"wp:attachment":[{"href":"https:\/\/elluchador.info\/index.php?rest_route=%2Fwp%2Fv2%2Fmedia&parent=294881"}],"wp:term":[{"taxonomy":"category","embeddable":true,"href":"https:\/\/elluchador.info\/index.php?rest_route=%2Fwp%2Fv2%2Fcategories&post=294881"},{"taxonomy":"post_tag","embeddable":true,"href":"https:\/\/elluchador.info\/index.php?rest_route=%2Fwp%2Fv2%2Ftags&post=294881"}],"curies":[{"name":"wp","href":"https:\/\/api.w.org\/{rel}","templated":true}]}}