{"id":295232,"date":"2025-11-17T09:15:00","date_gmt":"2025-11-17T13:15:00","guid":{"rendered":"https:\/\/elluchador.info\/?p=295232"},"modified":"2025-11-17T08:36:13","modified_gmt":"2025-11-17T12:36:13","slug":"en-ecuador-el-no-se-impone-en-referendum-convocado-por-noboa","status":"publish","type":"post","link":"https:\/\/elluchador.info\/?p=295232","title":{"rendered":"En Ecuador el \u00abNo\u00bb se impone en refer\u00e9ndum convocado por Noboa"},"content":{"rendered":"\n<p>Los primeros resultados oficiales de la Consulta Popular y Refer\u00e9ndum celebrados este domingo en Ecuador confirman una clara ventaja para la opci\u00f3n del \u201cNo\u201d en las cuatro preguntas consideradas clave e impulsadas por el Gobierno del presidente Daniel Noboa.<\/p>\n\n\n\n<p>La jornada estuvo marcada por una alta participaci\u00f3n ciudadana, que super\u00f3 el 80% del electorado convocado.<\/p>\n\n\n\n<p>\u200bSeg\u00fan los datos preliminares emitidos por el Consejo Nacional Electoral (CNE), con m\u00e1s del 45% de las actas escrutadas, el \u201cNo\u201d supera el 52% de los votos en las propuestas esenciales.<\/p>\n\n\n\n<p>\u200bEste rechazo mayoritario se concentra en iniciativas gubernamentales como:<br>\u200bPermitir la instalaci\u00f3n de bases militares extranjeras en territorio ecuatoriano.<\/p>\n\n\n\n<p>\u200bEliminar el financiamiento estatal a los partidos pol\u00edticos.<\/p>\n\n\n\n<p>\u200bReducir el n\u00famero de asamble\u00edstas.<\/p>\n\n\n\n<p>\u200bConvocar a una Asamblea Constituyente.<\/p>\n\n\n\n<p>\u200bEl rev\u00e9s m\u00e1s contundente para el Gobierno se registra en la pregunta referente a la instalaci\u00f3n de bases militares extranjeras y la cesi\u00f3n de bases ecuatorianas a fuerzas internacionales, donde m\u00e1s del 60% del electorado opt\u00f3 por el \u201cNo\u201d.<\/p>\n\n\n\n<p>\u200bLa ciudadan\u00eda ha emitido una respuesta enf\u00e1tica en defensa de la soberan\u00eda nacional. Este resultado se produce semanas despu\u00e9s de que el presidente Noboa recorriera sitios estrat\u00e9gicos junto a la secretaria de Seguridad Nacional de EE.UU., Kristi Noem, considerados para la potencial instalaci\u00f3n de bases.<\/p>\n\n\n\n<p><strong>\u200bReacciones de la oposici\u00f3n<\/strong><br>\u200bAnte la tendencia, l\u00edderes de la oposici\u00f3n pol\u00edtica han reaccionado con firmeza: Luisa Gonz\u00e1lez, excandidata presidencial por la Revoluci\u00f3n Ciudadana, afirm\u00f3 que el resultado es una defensa masiva de la soberan\u00eda nacional y de los derechos establecidos en la Constituci\u00f3n de Montecristi de 2008.<\/p>\n\n\n\n<p>Gonz\u00e1lez asever\u00f3 que la poblaci\u00f3n le dice \u201cno a un gobierno que quiere hacer del Ecuador la corporaci\u00f3n Noboa\u201d y que el resultado es un \u201crechazo rotundo a Daniel Noboa\u201d.<\/p>\n\n\n\n<p>La l\u00edder pol\u00edtica enfatiz\u00f3 que la propuesta de Constituyente buscaba \u201capropiarse de los recursos naturales estrat\u00e9gicos del Ecuador\u201d y \u201cprecarizar el empleo\u201d.<\/p>\n\n\n\n<p>\u200bAndr\u00e9s Arauz, tambi\u00e9n excandidato presidencial por la Revoluci\u00f3n Ciudadana, se\u00f1al\u00f3 que el voto por el \u201cNo\u201d \u201cse impone en todos lados\u201d.<\/p>\n\n\n\n<p>Arauz hizo un llamado a los servidores p\u00fablicos para estar vigilantes y prevenir lo que denunci\u00f3 como la \u201coperaci\u00f3n Tello\u201d, una supuesta maniobra de manipulaci\u00f3n electoral.<\/p>\n\n\n\n<p>\u200b<strong>Un significativo rev\u00e9s pol\u00edtico<\/strong><br>\u200bLa jornada electoral, que convoc\u00f3 a m\u00e1s de 13.9 millones de ecuatorianos, transcurri\u00f3 en un ambiente de paz. Sin embargo, el resultado preliminar constituye un significativo rev\u00e9s pol\u00edtico para la administraci\u00f3n de Daniel Noboa, que buscaba validar su alineamiento con pol\u00edticas externas a trav\u00e9s del respaldo popular.<\/p>\n\n\n\n<p>\u200bCon informaci\u00f3n de <strong>agencias<\/strong><\/p>\n","protected":false},"excerpt":{"rendered":"<p>Los primeros resultados oficiales de la Consulta Popular y Refer\u00e9ndum celebrados este domingo en Ecuador confirman una clara ventaja para la opci\u00f3n del \u201cNo\u201d en las cuatro preguntas consideradas clave e impulsadas por el Gobierno del presidente Daniel Noboa. La jornada estuvo marcada por una alta participaci\u00f3n ciudadana, que super\u00f3 el 80% del electorado convocado. [&hellip;]<\/p>\n","protected":false},"author":38,"featured_media":295233,"comment_status":"closed","ping_status":"closed","sticky":false,"template":"","format":"standard","meta":{"footnotes":""},"categories":[11],"tags":[448],"class_list":{"0":"post-295232","1":"post","2":"type-post","3":"status-publish","4":"format-standard","5":"has-post-thumbnail","7":"category-politica","8":"tag-mundo"},"_links":{"self":[{"href":"https:\/\/elluchador.info\/index.php?rest_route=\/wp\/v2\/posts\/295232","targetHints":{"allow":["GET"]}}],"collection":[{"href":"https:\/\/elluchador.info\/index.php?rest_route=\/wp\/v2\/posts"}],"about":[{"href":"https:\/\/elluchador.info\/index.php?rest_route=\/wp\/v2\/types\/post"}],"author":[{"embeddable":true,"href":"https:\/\/elluchador.info\/index.php?rest_route=\/wp\/v2\/users\/38"}],"replies":[{"embeddable":true,"href":"https:\/\/elluchador.info\/index.php?rest_route=%2Fwp%2Fv2%2Fcomments&post=295232"}],"version-history":[{"count":1,"href":"https:\/\/elluchador.info\/index.php?rest_route=\/wp\/v2\/posts\/295232\/revisions"}],"predecessor-version":[{"id":295234,"href":"https:\/\/elluchador.info\/index.php?rest_route=\/wp\/v2\/posts\/295232\/revisions\/295234"}],"wp:featuredmedia":[{"embeddable":true,"href":"https:\/\/elluchador.info\/index.php?rest_route=\/wp\/v2\/media\/295233"}],"wp:attachment":[{"href":"https:\/\/elluchador.info\/index.php?rest_route=%2Fwp%2Fv2%2Fmedia&parent=295232"}],"wp:term":[{"taxonomy":"category","embeddable":true,"href":"https:\/\/elluchador.info\/index.php?rest_route=%2Fwp%2Fv2%2Fcategories&post=295232"},{"taxonomy":"post_tag","embeddable":true,"href":"https:\/\/elluchador.info\/index.php?rest_route=%2Fwp%2Fv2%2Ftags&post=295232"}],"curies":[{"name":"wp","href":"https:\/\/api.w.org\/{rel}","templated":true}]}}