{"id":295235,"date":"2025-11-17T10:08:00","date_gmt":"2025-11-17T14:08:00","guid":{"rendered":"https:\/\/elluchador.info\/?p=295235"},"modified":"2025-11-17T10:05:51","modified_gmt":"2025-11-17T14:05:51","slug":"asi-luce-su-embarazo-dayana-mendoza","status":"publish","type":"post","link":"https:\/\/elluchador.info\/?p=295235","title":{"rendered":"As\u00ed luce su embarazo Dayana Mendoza"},"content":{"rendered":"\n<p>La modelo y empresaria Dayana Mendoza, quien conquist\u00f3 la corona del Miss Universo en 2008 y se convirti\u00f3 en la quinta venezolana en obtener el t\u00edtulo, ha vuelto a ser el centro de atenci\u00f3n, esta vez con una noticia personal que ha enternecido a sus miles de seguidores: est\u00e1 embarazada por segunda vez.<\/p>\n\n\n\n<p>\u200bLa exreina de belleza, a menudo considerada por expertos y fan\u00e1ticos como la m\u00e1s bella en la historia del certamen, mostr\u00f3 recientemente su \u00abpancita\u00bb en redes sociales, generando una oleada de felicitaciones y buenos deseos de parte de su comunidad virtual.<\/p>\n\n\n\n<p><strong>\u200bUn matrimonio bendecido<\/strong><br>\u200bEsta dulce espera llega poco despu\u00e9s de que Dayana Mendoza celebrara su uni\u00f3n con el pastor evang\u00e9lico Carlos Uribe.<\/p>\n\n\n\n<p>\u200bLa pareja hizo p\u00fablico su compromiso el pasado mes de enero de 2025, y formaliz\u00f3 su relaci\u00f3n en una \u00edntima ceremonia nupcial celebrada en mayo del mismo a\u00f1o.<\/p>\n\n\n\n<p>\u200bLa nueva etapa en la vida personal de Mendoza, combinando su rol de madre, esposa y figura p\u00fablica, sigue siendo inspiradora para sus admiradores alrededor del mundo, quienes esperan con emoci\u00f3n la llegada del nuevo integrante a la familia Uribe-Mendoza.<br>\u200b<br>Con informaci\u00f3n de <strong>agencias<\/strong><\/p>\n","protected":false},"excerpt":{"rendered":"<p>La modelo y empresaria Dayana Mendoza, quien conquist\u00f3 la corona del Miss Universo en 2008 y se convirti\u00f3 en la quinta venezolana en obtener el t\u00edtulo, ha vuelto a ser el centro de atenci\u00f3n, esta vez con una noticia personal que ha enternecido a sus miles de seguidores: est\u00e1 embarazada por segunda vez. \u200bLa exreina [&hellip;]<\/p>\n","protected":false},"author":38,"featured_media":295236,"comment_status":"closed","ping_status":"closed","sticky":false,"template":"","format":"standard","meta":{"footnotes":""},"categories":[7],"tags":[448,105],"class_list":{"0":"post-295235","1":"post","2":"type-post","3":"status-publish","4":"format-standard","5":"has-post-thumbnail","7":"category-entretenimiento","8":"tag-mundo","9":"tag-venezuela"},"_links":{"self":[{"href":"https:\/\/elluchador.info\/index.php?rest_route=\/wp\/v2\/posts\/295235","targetHints":{"allow":["GET"]}}],"collection":[{"href":"https:\/\/elluchador.info\/index.php?rest_route=\/wp\/v2\/posts"}],"about":[{"href":"https:\/\/elluchador.info\/index.php?rest_route=\/wp\/v2\/types\/post"}],"author":[{"embeddable":true,"href":"https:\/\/elluchador.info\/index.php?rest_route=\/wp\/v2\/users\/38"}],"replies":[{"embeddable":true,"href":"https:\/\/elluchador.info\/index.php?rest_route=%2Fwp%2Fv2%2Fcomments&post=295235"}],"version-history":[{"count":1,"href":"https:\/\/elluchador.info\/index.php?rest_route=\/wp\/v2\/posts\/295235\/revisions"}],"predecessor-version":[{"id":295237,"href":"https:\/\/elluchador.info\/index.php?rest_route=\/wp\/v2\/posts\/295235\/revisions\/295237"}],"wp:featuredmedia":[{"embeddable":true,"href":"https:\/\/elluchador.info\/index.php?rest_route=\/wp\/v2\/media\/295236"}],"wp:attachment":[{"href":"https:\/\/elluchador.info\/index.php?rest_route=%2Fwp%2Fv2%2Fmedia&parent=295235"}],"wp:term":[{"taxonomy":"category","embeddable":true,"href":"https:\/\/elluchador.info\/index.php?rest_route=%2Fwp%2Fv2%2Fcategories&post=295235"},{"taxonomy":"post_tag","embeddable":true,"href":"https:\/\/elluchador.info\/index.php?rest_route=%2Fwp%2Fv2%2Ftags&post=295235"}],"curies":[{"name":"wp","href":"https:\/\/api.w.org\/{rel}","templated":true}]}}