{"id":295313,"date":"2025-11-18T11:03:41","date_gmt":"2025-11-18T15:03:41","guid":{"rendered":"https:\/\/elluchador.info\/?p=295313"},"modified":"2025-11-18T11:03:44","modified_gmt":"2025-11-18T15:03:44","slug":"excarcelan-a-noel-alvarez-expresidente-de-fedecamaras","status":"publish","type":"post","link":"https:\/\/elluchador.info\/?p=295313","title":{"rendered":"Excarcelan a Noel \u00c1lvarez, expresidente de Fedec\u00e1maras"},"content":{"rendered":"\n<p>Las autoridades venezolanas excarcelaron a Noel \u00c1lvarez, expresidente de Fedec\u00e1maras, quien estuvo privado de libertad durante 10 meses.<\/p>\n\n\n\n<p>Nohelia \u00c1lvarez, hija del empresario, confirm\u00f3 la excarcelaci\u00f3n de su padre durante la madrugada del martes 18 de noviembre a trav\u00e9s de una publicaci\u00f3n de Instagram.<\/p>\n\n\n\n<p><em>\u201cHoy quiero compartir la noticia que tanto esper\u00e1bamos: a esta hora, mi padre ya se encuentra en casa. Por fin fue liberado de su injusta detenci\u00f3n\u201d<\/em>, escribi\u00f3 Nohelia en la publicaci\u00f3n.<\/p>\n\n\n\n<p>La detenci\u00f3n de \u00c1lvarez ocurri\u00f3 en el contexto de la juramentaci\u00f3n del presidente Nicol\u00e1s Maduro el 10 de enero de 2025. Desde entonces, su hija, que es abogada, hab\u00eda denunciado su situaci\u00f3n y solicitado la liberaci\u00f3n inmediata.<\/p>\n\n\n\n<p><em>\u201cHa sido un camino duro, lleno de angustias y de incertidumbre, pero tambi\u00e9n de fe, solidaridad y resistencia. Agradezco profundamente a todas las personas, organizaciones y medios que nos acompa\u00f1aron y alzaron la voz por \u00e9l\u201d<\/em>, agreg\u00f3 Nohelia.<\/p>\n\n\n\n<p>La abogada asegur\u00f3 que su compromiso por la liberaci\u00f3n de los presos pol\u00edticos en el pa\u00eds continuar\u00e1 luego de la excarcelaci\u00f3n de su pap\u00e1. \u201cMi padre vuelve a casa, pero muchos siguen privados de su libertad por pensar distinto. Por ellos seguimos firmes. Hasta que el \u00faltimo salga\u201d.<\/p>\n\n\n\n<p>Con informaci\u00f3n <strong>AP<\/strong><\/p>\n","protected":false},"excerpt":{"rendered":"<p>Las autoridades venezolanas excarcelaron a Noel \u00c1lvarez, expresidente de Fedec\u00e1maras, quien estuvo privado de libertad durante 10 meses. Nohelia \u00c1lvarez, hija del empresario, confirm\u00f3 la excarcelaci\u00f3n de su padre durante la madrugada del martes 18 de noviembre a trav\u00e9s de una publicaci\u00f3n de Instagram. \u201cHoy quiero compartir la noticia que tanto esper\u00e1bamos: a esta hora, [&hellip;]<\/p>\n","protected":false},"author":33,"featured_media":295314,"comment_status":"closed","ping_status":"closed","sticky":false,"template":"","format":"standard","meta":{"footnotes":""},"categories":[11],"tags":[4814,4641],"class_list":{"0":"post-295313","1":"post","2":"type-post","3":"status-publish","4":"format-standard","5":"has-post-thumbnail","7":"category-politica","8":"tag-empresario","9":"tag-fedecamaras-2"},"_links":{"self":[{"href":"https:\/\/elluchador.info\/index.php?rest_route=\/wp\/v2\/posts\/295313","targetHints":{"allow":["GET"]}}],"collection":[{"href":"https:\/\/elluchador.info\/index.php?rest_route=\/wp\/v2\/posts"}],"about":[{"href":"https:\/\/elluchador.info\/index.php?rest_route=\/wp\/v2\/types\/post"}],"author":[{"embeddable":true,"href":"https:\/\/elluchador.info\/index.php?rest_route=\/wp\/v2\/users\/33"}],"replies":[{"embeddable":true,"href":"https:\/\/elluchador.info\/index.php?rest_route=%2Fwp%2Fv2%2Fcomments&post=295313"}],"version-history":[{"count":1,"href":"https:\/\/elluchador.info\/index.php?rest_route=\/wp\/v2\/posts\/295313\/revisions"}],"predecessor-version":[{"id":295315,"href":"https:\/\/elluchador.info\/index.php?rest_route=\/wp\/v2\/posts\/295313\/revisions\/295315"}],"wp:featuredmedia":[{"embeddable":true,"href":"https:\/\/elluchador.info\/index.php?rest_route=\/wp\/v2\/media\/295314"}],"wp:attachment":[{"href":"https:\/\/elluchador.info\/index.php?rest_route=%2Fwp%2Fv2%2Fmedia&parent=295313"}],"wp:term":[{"taxonomy":"category","embeddable":true,"href":"https:\/\/elluchador.info\/index.php?rest_route=%2Fwp%2Fv2%2Fcategories&post=295313"},{"taxonomy":"post_tag","embeddable":true,"href":"https:\/\/elluchador.info\/index.php?rest_route=%2Fwp%2Fv2%2Ftags&post=295313"}],"curies":[{"name":"wp","href":"https:\/\/api.w.org\/{rel}","templated":true}]}}