{"id":295325,"date":"2025-11-18T12:15:55","date_gmt":"2025-11-18T16:15:55","guid":{"rendered":"https:\/\/elluchador.info\/?p=295325"},"modified":"2025-11-18T12:15:58","modified_gmt":"2025-11-18T16:15:58","slug":"anmarie-camacho-anuncio-la-perdida-de-su-segundo-bebe-junto-a-su-esposo","status":"publish","type":"post","link":"https:\/\/elluchador.info\/?p=295325","title":{"rendered":"Anmarie Camacho anunci\u00f3 la p\u00e9rdida de su segundo beb\u00e9 junto a su esposo"},"content":{"rendered":"\n<p>La presentadora venezolana, Anmarie Camacho, quien el pasado mes de octubre junto a su esposo, el exjugador de b\u00e9isbol Jes\u00fas Guzm\u00e1n, hab\u00eda confirmado que se encontraba nuevamente embrazada, confirm\u00f3 este lunes la perdida de su segundo beb\u00e9.<\/p>\n\n\n\n<p>A trav\u00e9s de una publicaci\u00f3n realizada en cuenta de Instagram, y varios d\u00edas de ausencia, la comunicadora con un mensaje llen\u00f3 de sentimiento dio a conocer la noticia a sus seguidores, \u00abNuestro segundo rayito de amor ya no est\u00e1 con nosotros \u00ab, expresa en el inici\u00f3 del texto.<\/p>\n\n\n\n<p>Camacho, describe este episodio de su vida como algo que nunca se imagin\u00f3 vivir, demostrando que tanto ella como su esposo se enfrentaron a un proceso fuerte y emocionalmente complicado, que sin duda marco un momento imborrable en su familia.<\/p>\n\n\n\n<p>La animadora resalt\u00f3 que el amor de su primer hijo Emmanuel los \u00abHa ense\u00f1ado a sonre\u00edr hasta en los momentos m\u00e1s dif\u00edciles, \u00e9l ha sido nuestro gran maestro y por \u00e9l prometemos seguir siendo los padres amorosos\u00bb. Confesando que el episodio la obliga a tomar una pausa en sus labores profesionales mientras que se recupera f\u00edsica y mentalmente.<\/p>\n\n\n\n<p>Con informaci\u00f3n <strong>AP<\/strong><\/p>\n","protected":false},"excerpt":{"rendered":"<p>La presentadora venezolana, Anmarie Camacho, quien el pasado mes de octubre junto a su esposo, el exjugador de b\u00e9isbol Jes\u00fas Guzm\u00e1n, hab\u00eda confirmado que se encontraba nuevamente embrazada, confirm\u00f3 este lunes la perdida de su segundo beb\u00e9. A trav\u00e9s de una publicaci\u00f3n realizada en cuenta de Instagram, y varios d\u00edas de ausencia, la comunicadora con [&hellip;]<\/p>\n","protected":false},"author":33,"featured_media":295326,"comment_status":"closed","ping_status":"closed","sticky":false,"template":"","format":"standard","meta":{"footnotes":""},"categories":[7],"tags":[3714,495,5409],"class_list":{"0":"post-295325","1":"post","2":"type-post","3":"status-publish","4":"format-standard","5":"has-post-thumbnail","7":"category-entretenimiento","8":"tag-animadora","9":"tag-bebe","10":"tag-camacho"},"_links":{"self":[{"href":"https:\/\/elluchador.info\/index.php?rest_route=\/wp\/v2\/posts\/295325","targetHints":{"allow":["GET"]}}],"collection":[{"href":"https:\/\/elluchador.info\/index.php?rest_route=\/wp\/v2\/posts"}],"about":[{"href":"https:\/\/elluchador.info\/index.php?rest_route=\/wp\/v2\/types\/post"}],"author":[{"embeddable":true,"href":"https:\/\/elluchador.info\/index.php?rest_route=\/wp\/v2\/users\/33"}],"replies":[{"embeddable":true,"href":"https:\/\/elluchador.info\/index.php?rest_route=%2Fwp%2Fv2%2Fcomments&post=295325"}],"version-history":[{"count":1,"href":"https:\/\/elluchador.info\/index.php?rest_route=\/wp\/v2\/posts\/295325\/revisions"}],"predecessor-version":[{"id":295327,"href":"https:\/\/elluchador.info\/index.php?rest_route=\/wp\/v2\/posts\/295325\/revisions\/295327"}],"wp:featuredmedia":[{"embeddable":true,"href":"https:\/\/elluchador.info\/index.php?rest_route=\/wp\/v2\/media\/295326"}],"wp:attachment":[{"href":"https:\/\/elluchador.info\/index.php?rest_route=%2Fwp%2Fv2%2Fmedia&parent=295325"}],"wp:term":[{"taxonomy":"category","embeddable":true,"href":"https:\/\/elluchador.info\/index.php?rest_route=%2Fwp%2Fv2%2Fcategories&post=295325"},{"taxonomy":"post_tag","embeddable":true,"href":"https:\/\/elluchador.info\/index.php?rest_route=%2Fwp%2Fv2%2Ftags&post=295325"}],"curies":[{"name":"wp","href":"https:\/\/api.w.org\/{rel}","templated":true}]}}