{"id":295570,"date":"2025-11-20T17:37:00","date_gmt":"2025-11-20T21:37:00","guid":{"rendered":"https:\/\/elluchador.info\/?p=295570"},"modified":"2025-11-20T17:28:38","modified_gmt":"2025-11-20T21:28:38","slug":"presidente-rodrigo-paz-anuncia-el-cierre-del-ministerio-de-justicia-de-bolivia","status":"publish","type":"post","link":"https:\/\/elluchador.info\/?p=295570","title":{"rendered":"Presidente Rodrigo Paz anuncia el cierre del Ministerio de Justicia de Bolivia"},"content":{"rendered":"\n<p>El presidente de Bolivia, Rodrigo Paz, anunci\u00f3 este jueves una decisi\u00f3n hist\u00f3rica y pol\u00e9mica: el cierre definitivo del Ministerio de Justicia y Transparencia Institucional, argumentando que la instituci\u00f3n se hab\u00eda convertido en una herramienta para promover el \u00abterrorismo de Estado\u00bb y la \u00abpersecuci\u00f3n pol\u00edtica\u00bb contra la ciudadan\u00eda boliviana.<\/p>\n\n\n\n<p>\u200bEn una conferencia de prensa con gran repercusi\u00f3n en medios locales, el mandatario fue contundente: \u200b\u00bbEl Ministerio de Justicia ha muerto y lo vamos a enterrar bien enterrado, para que no vuelva el terrorismo de Estado a perseguir a los bolivianos y bolivianas. Sabemos que la justicia ha hecho mucho da\u00f1o\u00bb, declar\u00f3 Paz.<\/p>\n\n\n\n<p>\u200bEl Presidente subray\u00f3 que el cierre del ente forma parte del cumplimiento de una de sus principales promesas de campa\u00f1a, destacando su intenci\u00f3n de combatir la \u00abinjerencia pol\u00edtica\u00bb que, a su juicio, ha sido promovida desde dicho organismo.<\/p>\n\n\n\n<p>\u200b<strong>Contexto de pol\u00e9micas y tensi\u00f3n con el Vicepresidente<\/strong><br>\u200bLa dr\u00e1stica medida se produce en un momento de crecientes tensiones y controversias entre el presidente Paz y su vicepresidente, Edmand Lara. La pol\u00e9mica ha girado en torno a las designaciones para la ahora extinta cartera de Justicia, cuyos titulares fueron se\u00f1alados de tener problemas con la justicia.<\/p>\n\n\n\n<p>\u200bEl primer designado por Paz, Freddy Vidovic, un hombre cercano al vicepresidente Lara, fue destituido tras corroborarse que ten\u00eda una sentencia judicial de tres a\u00f1os de c\u00e1rcel. El caso est\u00e1 relacionado con el controvertido esc\u00e1ndalo de corrupci\u00f3n del empresario peruano Mart\u00edn Belaunde, ocurrido entre 2014 y 2015.<\/p>\n\n\n\n<p>\u200bTras la salida de Vidovic, el Presidente nombr\u00f3 a Jorge Garc\u00eda. Sin embargo, el vicepresidente Lara denunci\u00f3 p\u00fablicamente que Garc\u00eda tambi\u00e9n pose\u00eda un \u00abrosario de procesos\u00bb judiciales por delitos graves.<\/p>\n\n\n\n<p>Ante estas acusaciones, el exministro Garc\u00eda manifest\u00f3 haber sido difamado por el vicepresidente boliviano y anunci\u00f3 que emprender\u00e1 acciones legales al respecto.<\/p>\n\n\n\n<p>\u200bEl cierre del Ministerio se interpreta como el punto m\u00e1s alto de esta crisis institucional y pol\u00edtica, marcando un hito en la administraci\u00f3n de Rodrigo Paz.<br>\u200b<br>Con informaci\u00f3n de <strong>agencias<\/strong><\/p>\n","protected":false},"excerpt":{"rendered":"<p>El presidente de Bolivia, Rodrigo Paz, anunci\u00f3 este jueves una decisi\u00f3n hist\u00f3rica y pol\u00e9mica: el cierre definitivo del Ministerio de Justicia y Transparencia Institucional, argumentando que la instituci\u00f3n se hab\u00eda convertido en una herramienta para promover el \u00abterrorismo de Estado\u00bb y la \u00abpersecuci\u00f3n pol\u00edtica\u00bb contra la ciudadan\u00eda boliviana. \u200bEn una conferencia de prensa con gran [&hellip;]<\/p>\n","protected":false},"author":38,"featured_media":295571,"comment_status":"closed","ping_status":"closed","sticky":false,"template":"","format":"standard","meta":{"footnotes":""},"categories":[8],"tags":[448],"class_list":{"0":"post-295570","1":"post","2":"type-post","3":"status-publish","4":"format-standard","5":"has-post-thumbnail","7":"category-internacionales","8":"tag-mundo"},"_links":{"self":[{"href":"https:\/\/elluchador.info\/index.php?rest_route=\/wp\/v2\/posts\/295570","targetHints":{"allow":["GET"]}}],"collection":[{"href":"https:\/\/elluchador.info\/index.php?rest_route=\/wp\/v2\/posts"}],"about":[{"href":"https:\/\/elluchador.info\/index.php?rest_route=\/wp\/v2\/types\/post"}],"author":[{"embeddable":true,"href":"https:\/\/elluchador.info\/index.php?rest_route=\/wp\/v2\/users\/38"}],"replies":[{"embeddable":true,"href":"https:\/\/elluchador.info\/index.php?rest_route=%2Fwp%2Fv2%2Fcomments&post=295570"}],"version-history":[{"count":1,"href":"https:\/\/elluchador.info\/index.php?rest_route=\/wp\/v2\/posts\/295570\/revisions"}],"predecessor-version":[{"id":295572,"href":"https:\/\/elluchador.info\/index.php?rest_route=\/wp\/v2\/posts\/295570\/revisions\/295572"}],"wp:featuredmedia":[{"embeddable":true,"href":"https:\/\/elluchador.info\/index.php?rest_route=\/wp\/v2\/media\/295571"}],"wp:attachment":[{"href":"https:\/\/elluchador.info\/index.php?rest_route=%2Fwp%2Fv2%2Fmedia&parent=295570"}],"wp:term":[{"taxonomy":"category","embeddable":true,"href":"https:\/\/elluchador.info\/index.php?rest_route=%2Fwp%2Fv2%2Fcategories&post=295570"},{"taxonomy":"post_tag","embeddable":true,"href":"https:\/\/elluchador.info\/index.php?rest_route=%2Fwp%2Fv2%2Ftags&post=295570"}],"curies":[{"name":"wp","href":"https:\/\/api.w.org\/{rel}","templated":true}]}}