{"id":295576,"date":"2025-11-20T18:49:00","date_gmt":"2025-11-20T22:49:00","guid":{"rendered":"https:\/\/elluchador.info\/?p=295576"},"modified":"2025-11-20T18:46:50","modified_gmt":"2025-11-20T22:46:50","slug":"voraz-incendio-arrasa-instalaciones-de-la-cumbre-climatica-de-la-onu-en-brasil","status":"publish","type":"post","link":"https:\/\/elluchador.info\/?p=295576","title":{"rendered":"Voraz incendio arrasa instalaciones de la cumbre clim\u00e1tica de la ONU en Brasil"},"content":{"rendered":"\n<p>Un incendio registrado este jueves en el recinto principal de la COP30, la cumbre clim\u00e1tica de la Organizaci\u00f3n de las Naciones Unidas (ONU), en Bel\u00e9m, Brasil, oblig\u00f3 a la evacuaci\u00f3n preventiva de delegados, ministros y equipos t\u00e9cnicos a solo un d\u00eda del cierre formal del evento.<\/p>\n\n\n\n<p>\u200bEl hecho se desat\u00f3 poco antes de las 14:30, hora local, en una de las carpas de la Zona Azul, el sector administrado por la ONU que alberga las salas de negociaci\u00f3n y los pabellones nacionales.<\/p>\n\n\n\n<p>En ese momento, representantes de casi 200 pa\u00edses se encontraban inmersos en discusiones cruciales sobre transici\u00f3n energ\u00e9tica, eliminaci\u00f3n de combustibles f\u00f3siles y adaptaci\u00f3n clim\u00e1tica.<\/p>\n\n\n\n<p><strong>\u200bRespuesta r\u00e1pida y control de la emergencia<\/strong><br>\u200bDecenas de participantes salieron por las rutas de emergencia tras la activaci\u00f3n inmediata del protocolo de seguridad. Testigos relataron momentos de tensi\u00f3n cuando columnas de humo cubrieron parte del pabell\u00f3n central, donde minutos antes hab\u00eda intervenido el secretario general de la ONU, Ant\u00f3nio Guterres.<\/p>\n\n\n\n<p>\u200bBrigadistas del evento, junto a bomberos de un cuartel cercano, respondieron con prontitud y lograron controlar las llamas en pocos minutos. Las autoridades brasile\u00f1as confirmaron que no se reportaron heridos y que el protocolo de evacuaci\u00f3n se cumpli\u00f3 correctamente. Preliminarmente, se indic\u00f3 que la zona afectada se encuentra cerca del pabell\u00f3n de la India.<\/p>\n\n\n\n<p><strong>\u200bGarantizan la continuidad de la cumbre<\/strong><br>\u200bA pesar del susto, las autoridades aseguraron que el incidente no alterar\u00e1 el calendario de la Conferencia de las Partes (COP30).<\/p>\n\n\n\n<p>\u200bEl ministro de Turismo, Celso Sabino, fue categ\u00f3rico al afirmar: \u201cNo hay posibilidad de cancelar la COP. La cumbre concluir\u00e1 ma\u00f1ana como estaba previsto\u201d.<\/p>\n\n\n\n<p>\u200bEn rueda de prensa conjunta, el gobernador de Par\u00e1, Helder Barbalho, confirm\u00f3 que todas las personas fueron evacuadas de forma segura.<br>\u200bVoceros del evento y la presidencia brasile\u00f1a reiteraron que los equipos continuaron trabajando en los acuerdos pendientes tras la interrupci\u00f3n temporal de los di\u00e1logos en la Zona Azul. La organizaci\u00f3n asegur\u00f3 que ning\u00fan documento ni reuni\u00f3n clave sufri\u00f3 da\u00f1os irreversibles, y que la agenda clim\u00e1tica global sigue en pie.<\/p>\n\n\n\n<p><strong>\u200bInvestigaci\u00f3n en curso<\/strong><br>\u200bLas causas del incendio a\u00fan est\u00e1n bajo investigaci\u00f3n. Organizadores mencionaron como hip\u00f3tesis preliminares un cortocircuito, la sobrecarga de un equipo electr\u00f3nico o un accidente menor.<\/p>\n\n\n\n<p>\u200bEl suceso se suma a los desaf\u00edos log\u00edsticos y de infraestructura que ha enfrentado la cumbre en Bel\u00e9m \u2014puerta de entrada a la Amazon\u00eda\u2014, que ya hab\u00eda sido cuestionada por problemas de alojamiento y seguridad.<\/p>\n\n\n\n<p>\u200bLas conclusiones finales de la COP30, uno de los encuentros ambientales m\u00e1s relevantes del calendario internacional, ser\u00e1n difundidas este viernes tras el cierre oficial.<\/p>\n\n\n\n<p>Con informaci\u00f3n de <strong>agencias<\/strong><\/p>\n","protected":false},"excerpt":{"rendered":"<p>Un incendio registrado este jueves en el recinto principal de la COP30, la cumbre clim\u00e1tica de la Organizaci\u00f3n de las Naciones Unidas (ONU), en Bel\u00e9m, Brasil, oblig\u00f3 a la evacuaci\u00f3n preventiva de delegados, ministros y equipos t\u00e9cnicos a solo un d\u00eda del cierre formal del evento. \u200bEl hecho se desat\u00f3 poco antes de las 14:30, [&hellip;]<\/p>\n","protected":false},"author":38,"featured_media":295577,"comment_status":"closed","ping_status":"closed","sticky":false,"template":"","format":"standard","meta":{"footnotes":""},"categories":[8],"tags":[448],"class_list":{"0":"post-295576","1":"post","2":"type-post","3":"status-publish","4":"format-standard","5":"has-post-thumbnail","7":"category-internacionales","8":"tag-mundo"},"_links":{"self":[{"href":"https:\/\/elluchador.info\/index.php?rest_route=\/wp\/v2\/posts\/295576","targetHints":{"allow":["GET"]}}],"collection":[{"href":"https:\/\/elluchador.info\/index.php?rest_route=\/wp\/v2\/posts"}],"about":[{"href":"https:\/\/elluchador.info\/index.php?rest_route=\/wp\/v2\/types\/post"}],"author":[{"embeddable":true,"href":"https:\/\/elluchador.info\/index.php?rest_route=\/wp\/v2\/users\/38"}],"replies":[{"embeddable":true,"href":"https:\/\/elluchador.info\/index.php?rest_route=%2Fwp%2Fv2%2Fcomments&post=295576"}],"version-history":[{"count":1,"href":"https:\/\/elluchador.info\/index.php?rest_route=\/wp\/v2\/posts\/295576\/revisions"}],"predecessor-version":[{"id":295578,"href":"https:\/\/elluchador.info\/index.php?rest_route=\/wp\/v2\/posts\/295576\/revisions\/295578"}],"wp:featuredmedia":[{"embeddable":true,"href":"https:\/\/elluchador.info\/index.php?rest_route=\/wp\/v2\/media\/295577"}],"wp:attachment":[{"href":"https:\/\/elluchador.info\/index.php?rest_route=%2Fwp%2Fv2%2Fmedia&parent=295576"}],"wp:term":[{"taxonomy":"category","embeddable":true,"href":"https:\/\/elluchador.info\/index.php?rest_route=%2Fwp%2Fv2%2Fcategories&post=295576"},{"taxonomy":"post_tag","embeddable":true,"href":"https:\/\/elluchador.info\/index.php?rest_route=%2Fwp%2Fv2%2Ftags&post=295576"}],"curies":[{"name":"wp","href":"https:\/\/api.w.org\/{rel}","templated":true}]}}