{"id":295589,"date":"2025-11-21T06:52:19","date_gmt":"2025-11-21T10:52:19","guid":{"rendered":"https:\/\/elluchador.info\/?p=295589"},"modified":"2025-11-21T13:16:41","modified_gmt":"2025-11-21T17:16:41","slug":"maduro-venezuela-le-vendera-gas-a-colombia","status":"publish","type":"post","link":"https:\/\/elluchador.info\/?p=295589","title":{"rendered":"Maduro: Venezuela exportar\u00e1 gas a Colombia"},"content":{"rendered":"\n<p>\u200eEl presidente, Nicol\u00e1s Maduro, inform\u00f3 este jueves que el pa\u00eds ya tiene todo listo para iniciar la exportaci\u00f3n de gas hacia la vecina Colombia, aunque a\u00f1adi\u00f3 que se aguardan detalles t\u00e9cnicos para iniciar las operaciones.<br>\u200e<br>\u200e\u00abLa primera exportaci\u00f3n de gas para Colombia est\u00e1 lista, est\u00e1 en la frontera esperando algunos elementos t\u00e9cnicos para que Venezuela empiece a vender gas a Colombia\u00bb, asegur\u00f3.<br>\u200e<br>\u200eMaduro particip\u00f3 en un balance de las asamblea de base de cara al denominado Congreso Constituyente Obrero.<br>\u200e<br>\u200eCon informaci\u00f3n <strong>\u00daR<\/strong><\/p>\n","protected":false},"excerpt":{"rendered":"<p>\u200eEl presidente, Nicol\u00e1s Maduro, inform\u00f3 este jueves que el pa\u00eds ya tiene todo listo para iniciar la exportaci\u00f3n de gas hacia la vecina Colombia, aunque a\u00f1adi\u00f3 que se aguardan detalles t\u00e9cnicos para iniciar las operaciones.\u200e\u200e\u00abLa primera exportaci\u00f3n de gas para Colombia est\u00e1 lista, est\u00e1 en la frontera esperando algunos elementos t\u00e9cnicos para que Venezuela empiece [&hellip;]<\/p>\n","protected":false},"author":33,"featured_media":295590,"comment_status":"closed","ping_status":"closed","sticky":false,"template":"","format":"standard","meta":{"footnotes":""},"categories":[9],"tags":[397,497,105,498],"class_list":{"0":"post-295589","1":"post","2":"type-post","3":"status-publish","4":"format-standard","5":"has-post-thumbnail","7":"category-nacionales","8":"tag-colombia","9":"tag-gas","10":"tag-venezuela","11":"tag-venta"},"_links":{"self":[{"href":"https:\/\/elluchador.info\/index.php?rest_route=\/wp\/v2\/posts\/295589","targetHints":{"allow":["GET"]}}],"collection":[{"href":"https:\/\/elluchador.info\/index.php?rest_route=\/wp\/v2\/posts"}],"about":[{"href":"https:\/\/elluchador.info\/index.php?rest_route=\/wp\/v2\/types\/post"}],"author":[{"embeddable":true,"href":"https:\/\/elluchador.info\/index.php?rest_route=\/wp\/v2\/users\/33"}],"replies":[{"embeddable":true,"href":"https:\/\/elluchador.info\/index.php?rest_route=%2Fwp%2Fv2%2Fcomments&post=295589"}],"version-history":[{"count":2,"href":"https:\/\/elluchador.info\/index.php?rest_route=\/wp\/v2\/posts\/295589\/revisions"}],"predecessor-version":[{"id":295627,"href":"https:\/\/elluchador.info\/index.php?rest_route=\/wp\/v2\/posts\/295589\/revisions\/295627"}],"wp:featuredmedia":[{"embeddable":true,"href":"https:\/\/elluchador.info\/index.php?rest_route=\/wp\/v2\/media\/295590"}],"wp:attachment":[{"href":"https:\/\/elluchador.info\/index.php?rest_route=%2Fwp%2Fv2%2Fmedia&parent=295589"}],"wp:term":[{"taxonomy":"category","embeddable":true,"href":"https:\/\/elluchador.info\/index.php?rest_route=%2Fwp%2Fv2%2Fcategories&post=295589"},{"taxonomy":"post_tag","embeddable":true,"href":"https:\/\/elluchador.info\/index.php?rest_route=%2Fwp%2Fv2%2Ftags&post=295589"}],"curies":[{"name":"wp","href":"https:\/\/api.w.org\/{rel}","templated":true}]}}