{"id":295598,"date":"2025-11-21T09:50:14","date_gmt":"2025-11-21T13:50:14","guid":{"rendered":"https:\/\/elluchador.info\/?p=295598"},"modified":"2025-11-21T09:50:18","modified_gmt":"2025-11-21T13:50:18","slug":"cabello-descarta-negociaciones-para-un-cambio-politico-en-venezuela","status":"publish","type":"post","link":"https:\/\/elluchador.info\/?p=295598","title":{"rendered":"Cabello descarta negociaciones para un cambio pol\u00edtico en Venezuela"},"content":{"rendered":"\n<p>\u200eEl ministro de Interior y Justicia, Diosdado Cabello, rechaz\u00f3 este mi\u00e9rcoles que existan conversaciones orientadas a una transici\u00f3n pol\u00edtica en Venezuela. El tambi\u00e9n secretario general del Partido Socialista Unido de Venezuela (Psuv) asegur\u00f3 que \u00abnada puede poner en riesgo\u00bb al Gobierno de Nicol\u00e1s Maduro ni al proyecto pol\u00edtico que lidera desde 1999.<br>\u200e<br>\u200eDurante su programa semanal, transmitido por Venezolana de Televisi\u00f3n (VTV), Cabello calific\u00f3 como \u00abmentira\u00bb la versi\u00f3n de que Maduro habr\u00eda ofrecido \u00abque lo dejaran dos a\u00f1os m\u00e1s\u00bb en la Presidencia como parte de un supuesto acuerdo.<br>\u200e<br><strong>\u200eCabello niega cualquier proceso de transici\u00f3n<\/strong><br>\u200e<br>\u200eEl dirigente oficialista insisti\u00f3 en que \u00ababsolutamente nada puede poner en riesgo a la revoluci\u00f3n bolivariana\u00bb, denominaci\u00f3n que el chavismo utiliza para referirse al movimiento iniciado por el expresidente Hugo Ch\u00e1vez y que contin\u00faa bajo la administraci\u00f3n de Maduro.<br>\u200e<br>\u200eLas declaraciones surgieron luego de la publicaci\u00f3n, el martes, de una investigaci\u00f3n del New York Times, seg\u00fan la cual la Casa Blanca habr\u00eda desestimado una propuesta que atribu\u00eda a Maduro: abandonar el poder despu\u00e9s de un periodo de dos a\u00f1os, en el marco de contactos extraoficiales autorizados por el presidente estadounidense Donald Trump.<br>\u200e<br>\u200eCon informaci\u00f3n <strong><em>Sumarium<\/em><\/strong><\/p>\n","protected":false},"excerpt":{"rendered":"<p>\u200eEl ministro de Interior y Justicia, Diosdado Cabello, rechaz\u00f3 este mi\u00e9rcoles que existan conversaciones orientadas a una transici\u00f3n pol\u00edtica en Venezuela. El tambi\u00e9n secretario general del Partido Socialista Unido de Venezuela (Psuv) asegur\u00f3 que \u00abnada puede poner en riesgo\u00bb al Gobierno de Nicol\u00e1s Maduro ni al proyecto pol\u00edtico que lidera desde 1999.\u200e\u200eDurante su programa semanal, [&hellip;]<\/p>\n","protected":false},"author":33,"featured_media":295599,"comment_status":"closed","ping_status":"closed","sticky":false,"template":"","format":"standard","meta":{"footnotes":""},"categories":[11],"tags":[1569,5422,105],"class_list":{"0":"post-295598","1":"post","2":"type-post","3":"status-publish","4":"format-standard","5":"has-post-thumbnail","7":"category-politica","8":"tag-cabello","9":"tag-transicion","10":"tag-venezuela"},"_links":{"self":[{"href":"https:\/\/elluchador.info\/index.php?rest_route=\/wp\/v2\/posts\/295598","targetHints":{"allow":["GET"]}}],"collection":[{"href":"https:\/\/elluchador.info\/index.php?rest_route=\/wp\/v2\/posts"}],"about":[{"href":"https:\/\/elluchador.info\/index.php?rest_route=\/wp\/v2\/types\/post"}],"author":[{"embeddable":true,"href":"https:\/\/elluchador.info\/index.php?rest_route=\/wp\/v2\/users\/33"}],"replies":[{"embeddable":true,"href":"https:\/\/elluchador.info\/index.php?rest_route=%2Fwp%2Fv2%2Fcomments&post=295598"}],"version-history":[{"count":1,"href":"https:\/\/elluchador.info\/index.php?rest_route=\/wp\/v2\/posts\/295598\/revisions"}],"predecessor-version":[{"id":295600,"href":"https:\/\/elluchador.info\/index.php?rest_route=\/wp\/v2\/posts\/295598\/revisions\/295600"}],"wp:featuredmedia":[{"embeddable":true,"href":"https:\/\/elluchador.info\/index.php?rest_route=\/wp\/v2\/media\/295599"}],"wp:attachment":[{"href":"https:\/\/elluchador.info\/index.php?rest_route=%2Fwp%2Fv2%2Fmedia&parent=295598"}],"wp:term":[{"taxonomy":"category","embeddable":true,"href":"https:\/\/elluchador.info\/index.php?rest_route=%2Fwp%2Fv2%2Fcategories&post=295598"},{"taxonomy":"post_tag","embeddable":true,"href":"https:\/\/elluchador.info\/index.php?rest_route=%2Fwp%2Fv2%2Ftags&post=295598"}],"curies":[{"name":"wp","href":"https:\/\/api.w.org\/{rel}","templated":true}]}}