{"id":295959,"date":"2025-11-25T14:19:15","date_gmt":"2025-11-25T18:19:15","guid":{"rendered":"https:\/\/elluchador.info\/?p=295959"},"modified":"2025-11-25T14:19:19","modified_gmt":"2025-11-25T18:19:19","slug":"inicio-la-expo-simon-en-bolivar","status":"publish","type":"post","link":"https:\/\/elluchador.info\/?p=295959","title":{"rendered":"Inici\u00f3 la Expo Sim\u00f3n en Bol\u00edvar"},"content":{"rendered":"\n<p>Lleg\u00f3 la Expo Sim\u00f3n: de Ni\u00f1o a Libertador al estado Bol\u00edvar. Con tecnolog\u00eda, cultura y educaci\u00f3n, esta&nbsp; extraordinaria experiencia enviada por el presidente Nicol\u00e1s Maduro, tiene como premisa dar a conocer la vida e historia del Libertador Sim\u00f3n Bol\u00edvar.<\/p>\n\n\n\n<p>Desde este lunes 24, hasta el pr\u00f3ximo domingo 30 de noviembre, el Gran Sal\u00f3n Bol\u00edvar del Hotel Llovizna abrir\u00e1 sus puertas a partir de las 09:00 de la ma\u00f1ana, para que ni\u00f1os y ni\u00f1as de m\u00e1s de 260 colegios disfruten de este gran evento.<\/p>\n\n\n\n<p>Durante el inicio; Yanny Alonzo, alcalde de Caron\u00ed, acompa\u00f1\u00f3 a los estudiantes que se divirtieron en este primer d\u00eda de Expo Sim\u00f3n; asegurando que la fuerza del Libertador los sigue guiando.<\/p>\n\n\n\n<p>Agradeci\u00f3 al presidente Nicol\u00e1s Maduro y a la gobernadora Yulisbeth Garc\u00eda por promover esta actividad, que da a conocer la gloria y la libertad que logr\u00f3 Sim\u00f3n Bol\u00edvar.<\/p>\n\n\n\n<p><strong>M\u00e1gica experiencia\u00a0<\/strong><\/p>\n\n\n\n<p>La gobernadora Yulisbeth Garc\u00eda agradeci\u00f3 al presidente Nicol\u00e1s Maduro y a la madrina Delcy Rodr\u00edguez por traer al estado esta Expo, que le dar\u00e1 la oportunidad a ni\u00f1os y ni\u00f1as de los 11 municipios de conocer la historia y valent\u00eda de Sim\u00f3n Bol\u00edvar.<\/p>\n\n\n\n<p>Explic\u00f3 que durante seis d\u00edas continuos, desde las 9:00 de la ma\u00f1ana, el Hotel Llovizna estar\u00e1 de puertas abiertas para el disfrute de esta gran Expo. Inform\u00f3 que m\u00e1s de 21 mil peque\u00f1os se sumergir\u00e1n en la historia de Sim\u00f3n; de Ni\u00f1o a Libertador.<\/p>\n\n\n\n<p class=\"has-text-align-left\"><strong>M\u00e1s de un mill\u00f3n de visitas en toda Venezuela<\/strong>\u00a0<\/p>\n\n\n\n<p class=\"has-text-align-left\">La Expo Sim\u00f3n; de Ni\u00f1o a Libertador, ha recorrido diferentes estados de Venezuela con m\u00e1s de un mill\u00f3n de visitas en el pa\u00eds.<\/p>\n\n\n\n<p class=\"has-text-align-left\">Una experiencia que, como ha dicho el presidente Nicol\u00e1s Maduro, evoca la independencia que defienden los venezolanos y muestra a cada visitante los ideales del Padre de la Patria.<\/p>\n\n\n\n<p class=\"has-text-align-left\">La gobernadora Yulisbeth Garc\u00eda asegur\u00f3 sentirse orgullosa, de que esta experiencia llegara al estado Bol\u00edvar luego de un mill\u00f3n de visitas en el territorio nacional.<\/p>\n\n\n\n<p><strong>Prensa Gobernaci\u00f3n de Bol\u00edvar<\/strong><\/p>\n","protected":false},"excerpt":{"rendered":"<p>Lleg\u00f3 la Expo Sim\u00f3n: de Ni\u00f1o a Libertador al estado Bol\u00edvar. Con tecnolog\u00eda, cultura y educaci\u00f3n, esta&nbsp; extraordinaria experiencia enviada por el presidente Nicol\u00e1s Maduro, tiene como premisa dar a conocer la vida e historia del Libertador Sim\u00f3n Bol\u00edvar. Desde este lunes 24, hasta el pr\u00f3ximo domingo 30 de noviembre, el Gran Sal\u00f3n Bol\u00edvar del [&hellip;]<\/p>\n","protected":false},"author":33,"featured_media":295960,"comment_status":"closed","ping_status":"closed","sticky":false,"template":"","format":"standard","meta":{"footnotes":""},"categories":[12],"tags":[185,1178,5451],"class_list":{"0":"post-295959","1":"post","2":"type-post","3":"status-publish","4":"format-standard","5":"has-post-thumbnail","7":"category-regionales","8":"tag-bolivar","9":"tag-ciudad-guayana","10":"tag-expo-simon"},"_links":{"self":[{"href":"https:\/\/elluchador.info\/index.php?rest_route=\/wp\/v2\/posts\/295959","targetHints":{"allow":["GET"]}}],"collection":[{"href":"https:\/\/elluchador.info\/index.php?rest_route=\/wp\/v2\/posts"}],"about":[{"href":"https:\/\/elluchador.info\/index.php?rest_route=\/wp\/v2\/types\/post"}],"author":[{"embeddable":true,"href":"https:\/\/elluchador.info\/index.php?rest_route=\/wp\/v2\/users\/33"}],"replies":[{"embeddable":true,"href":"https:\/\/elluchador.info\/index.php?rest_route=%2Fwp%2Fv2%2Fcomments&post=295959"}],"version-history":[{"count":1,"href":"https:\/\/elluchador.info\/index.php?rest_route=\/wp\/v2\/posts\/295959\/revisions"}],"predecessor-version":[{"id":295961,"href":"https:\/\/elluchador.info\/index.php?rest_route=\/wp\/v2\/posts\/295959\/revisions\/295961"}],"wp:featuredmedia":[{"embeddable":true,"href":"https:\/\/elluchador.info\/index.php?rest_route=\/wp\/v2\/media\/295960"}],"wp:attachment":[{"href":"https:\/\/elluchador.info\/index.php?rest_route=%2Fwp%2Fv2%2Fmedia&parent=295959"}],"wp:term":[{"taxonomy":"category","embeddable":true,"href":"https:\/\/elluchador.info\/index.php?rest_route=%2Fwp%2Fv2%2Fcategories&post=295959"},{"taxonomy":"post_tag","embeddable":true,"href":"https:\/\/elluchador.info\/index.php?rest_route=%2Fwp%2Fv2%2Ftags&post=295959"}],"curies":[{"name":"wp","href":"https:\/\/api.w.org\/{rel}","templated":true}]}}