{"id":296094,"date":"2025-11-26T17:36:28","date_gmt":"2025-11-26T21:36:28","guid":{"rendered":"https:\/\/elluchador.info\/?p=296094"},"modified":"2025-11-26T17:38:37","modified_gmt":"2025-11-26T21:38:37","slug":"reactivan-exoneracion-de-iva-para-importacion-de-libros","status":"publish","type":"post","link":"https:\/\/elluchador.info\/?p=296094","title":{"rendered":"Reactivan exoneraci\u00f3n del IVA para importaci\u00f3n de libros"},"content":{"rendered":"\n<p>La C\u00e1mara Venezolana del Libro (<strong><em>Cavelibro<\/em><\/strong>) inform\u00f3 que, tras una interrupci\u00f3n temporal por un cambio en el r\u00e9gimen legal implementado en junio pasado, se reanud\u00f3 la exoneraci\u00f3n del Impuesto al Valor Agregado (IVA) para la importaci\u00f3n de libros.<\/p>\n\n\n\n<p>Esta exoneraci\u00f3n les permitir\u00e1, tanto a las librer\u00edas como a las empresas editoriales del pa\u00eds, retomar este incentivo fiscal y mantener la comercializaci\u00f3n de libros con precios m\u00e1s accesibles a los usuarios, explic\u00f3 <em>Adriana Olivares<\/em>, presidenta del gremio.<\/p>\n\n\n\n<p>La presidenta de <em><strong>Cavelibros<\/strong><\/em> explic\u00f3 que, entre julio y septiembre, el nuevo r\u00e9gimen legal aplicado para las importaciones introdujo filtros burocr\u00e1ticos que obligaron a algunas distribuidoras a pagar el IVA en las importaciones de libros.<\/p>\n\n\n\n<p>Ante esto, el gremio inici\u00f3 reuniones con organismos oficiales para obtener detalles sobre los nuevos par\u00e1metros de importaciones del Comit\u00e9 de Comercio Exterior (Comex) y asegurar el cumplimiento de la ley. <\/p>\n\n\n\n<p>La pronta resoluci\u00f3n de este requisito legal permite \u00abgarantizar que la poblaci\u00f3n venezolana pueda disfrutar del libro con los costos m\u00e1s bajos posibles\u00bb, dijo en entrevista para <em>Uni\u00f3n Radio.<\/em><\/p>\n","protected":false},"excerpt":{"rendered":"<p>La C\u00e1mara Venezolana del Libro (Cavelibro) inform\u00f3 que, tras una interrupci\u00f3n temporal por un cambio en el r\u00e9gimen legal implementado en junio pasado, se reanud\u00f3 la exoneraci\u00f3n del Impuesto al Valor Agregado (IVA) para la importaci\u00f3n de libros. Esta exoneraci\u00f3n les permitir\u00e1, tanto a las librer\u00edas como a las empresas editoriales del pa\u00eds, retomar este [&hellip;]<\/p>\n","protected":false},"author":33,"featured_media":296095,"comment_status":"closed","ping_status":"closed","sticky":false,"template":"","format":"standard","meta":{"footnotes":""},"categories":[5,6],"tags":[5463,2222],"class_list":{"0":"post-296094","1":"post","2":"type-post","3":"status-publish","4":"format-standard","5":"has-post-thumbnail","7":"category-destacado","8":"category-economia","9":"tag-exoneracion","10":"tag-libros"},"_links":{"self":[{"href":"https:\/\/elluchador.info\/index.php?rest_route=\/wp\/v2\/posts\/296094","targetHints":{"allow":["GET"]}}],"collection":[{"href":"https:\/\/elluchador.info\/index.php?rest_route=\/wp\/v2\/posts"}],"about":[{"href":"https:\/\/elluchador.info\/index.php?rest_route=\/wp\/v2\/types\/post"}],"author":[{"embeddable":true,"href":"https:\/\/elluchador.info\/index.php?rest_route=\/wp\/v2\/users\/33"}],"replies":[{"embeddable":true,"href":"https:\/\/elluchador.info\/index.php?rest_route=%2Fwp%2Fv2%2Fcomments&post=296094"}],"version-history":[{"count":2,"href":"https:\/\/elluchador.info\/index.php?rest_route=\/wp\/v2\/posts\/296094\/revisions"}],"predecessor-version":[{"id":296097,"href":"https:\/\/elluchador.info\/index.php?rest_route=\/wp\/v2\/posts\/296094\/revisions\/296097"}],"wp:featuredmedia":[{"embeddable":true,"href":"https:\/\/elluchador.info\/index.php?rest_route=\/wp\/v2\/media\/296095"}],"wp:attachment":[{"href":"https:\/\/elluchador.info\/index.php?rest_route=%2Fwp%2Fv2%2Fmedia&parent=296094"}],"wp:term":[{"taxonomy":"category","embeddable":true,"href":"https:\/\/elluchador.info\/index.php?rest_route=%2Fwp%2Fv2%2Fcategories&post=296094"},{"taxonomy":"post_tag","embeddable":true,"href":"https:\/\/elluchador.info\/index.php?rest_route=%2Fwp%2Fv2%2Ftags&post=296094"}],"curies":[{"name":"wp","href":"https:\/\/api.w.org\/{rel}","templated":true}]}}