{"id":296102,"date":"2025-11-26T20:46:22","date_gmt":"2025-11-27T00:46:22","guid":{"rendered":"https:\/\/elluchador.info\/?p=296102"},"modified":"2025-11-26T20:46:31","modified_gmt":"2025-11-27T00:46:31","slug":"republica-dominicana-autoriza-a-ee-uu-el-uso-de-sus-bases-aereas","status":"publish","type":"post","link":"https:\/\/elluchador.info\/?p=296102","title":{"rendered":"Rep\u00fablica Dominicana autoriza a EE.UU. el uso de sus bases a\u00e9reas"},"content":{"rendered":"\n<p>\u200eEl Gobierno de Rep\u00fablica Dominicana autoriz\u00f3 este mi\u00e9rcoles el uso de sus bases a\u00e9reas para que las tropas de EE.UU. desarrollen actividades log\u00edsticas como parte de la operaci\u00f3n del Pent\u00e1gono en el Mar Caribe conocida como &#8216;Lanza del Sur&#8217;.<br>\u200e<br>\u200eLa noticia fue anunciada por el presidente dominicano, Luis Abinader, durante una rueda de prensa conjunta con el secretario de Guerra de la administraci\u00f3n de Donald Trump, Pete Hegseth, con quien sostuvo un encuentro bilateral momentos antes en el Palacio Nacional de Santo Domingo.<br>\u200e<br>\u200e\u00bbHemos autorizado a los EE.UU., por un plazo limitado, el uso de espacios restringidos en la Base A\u00e9rea de San Isidro y en el Aeropuerto Internacional de las Am\u00e9ricas, para la operaci\u00f3n log\u00edstica de aviones de reabastecimiento de combustible, transporte de equipos y personal t\u00e9cnico\u00bb, inform\u00f3 Abinader.<br>\u200e<br>\u200eEl mandatario dominicano explic\u00f3 que esta medida tiene un \u00abprop\u00f3sito claro\u00bb, que es \u00abfortalecer el anillo de protecci\u00f3n a\u00e9rea y mar\u00edtima\u00bb que mantienen las fuerzas armadas de ambos pa\u00edses, como parte de \u00abun refuerzo decisivo para impedir la entrada de narc\u00f3ticos y golpear con mayor contundencia al crimen organizado trasnacional\u00bb.<br>\u200e<br>\u200eAbinader coment\u00f3 que la medida se realiza bajo el estamento legal vigente y los acuerdos previos establecidos con EE.UU. Adem\u00e1s, se\u00f1al\u00f3 que se trata de una ampliaci\u00f3n temporal de la cooperaci\u00f3n binacional \u00abpara reforzar la vigilancia a\u00e9rea y mar\u00edtima contra el narcotr\u00e1fico\u00bb.<br>\u200e<br>\u200eEstas operaciones, agreg\u00f3 el mandatario, se realizar\u00e1n siempre y cuando Dominicana avale y acompa\u00f1e las acciones previstas por el Pent\u00e1gono. \u00abSu alcance es t\u00e9cnico, limitado y temporal\u00bb, asegur\u00f3 el jefe de Estado.<br>\u200e<br>\u200ePor su parte, Hegseth afirm\u00f3 que el acuerdo es \u00abprovisional\u00bb y respetar\u00e1 las \u00ableyes\u00bb y la \u00absoberan\u00eda\u00bb de Dominicana. \u00abEs una gran asociaci\u00f3n, es una iniciativa conjunta contra el narcotr\u00e1fico y el narco terrorismo\u00bb, expres\u00f3 el secretario de Guerra, quien calific\u00f3 el pacto como \u00abun modelo para la regi\u00f3n\u00bb que EE.UU. espera \u00abampliar con otros pa\u00edses que quieran asociarse\u00bb con Washington, en la lucha contra \u00ablos narcoterroristas\u00bb.<br>\u200e<br>\u200eCon informaci\u00f3n <strong>AFP<\/strong><\/p>\n","protected":false},"excerpt":{"rendered":"<p>\u200eEl Gobierno de Rep\u00fablica Dominicana autoriz\u00f3 este mi\u00e9rcoles el uso de sus bases a\u00e9reas para que las tropas de EE.UU. desarrollen actividades log\u00edsticas como parte de la operaci\u00f3n del Pent\u00e1gono en el Mar Caribe conocida como &#8216;Lanza del Sur&#8217;.\u200e\u200eLa noticia fue anunciada por el presidente dominicano, Luis Abinader, durante una rueda de prensa conjunta con [&hellip;]<\/p>\n","protected":false},"author":33,"featured_media":296103,"comment_status":"closed","ping_status":"closed","sticky":false,"template":"","format":"standard","meta":{"footnotes":""},"categories":[5,8],"tags":[3689,796,2974],"class_list":{"0":"post-296102","1":"post","2":"type-post","3":"status-publish","4":"format-standard","5":"has-post-thumbnail","7":"category-destacado","8":"category-internacionales","9":"tag-caribe","10":"tag-estados-unidos","11":"tag-republica-dominicana"},"_links":{"self":[{"href":"https:\/\/elluchador.info\/index.php?rest_route=\/wp\/v2\/posts\/296102","targetHints":{"allow":["GET"]}}],"collection":[{"href":"https:\/\/elluchador.info\/index.php?rest_route=\/wp\/v2\/posts"}],"about":[{"href":"https:\/\/elluchador.info\/index.php?rest_route=\/wp\/v2\/types\/post"}],"author":[{"embeddable":true,"href":"https:\/\/elluchador.info\/index.php?rest_route=\/wp\/v2\/users\/33"}],"replies":[{"embeddable":true,"href":"https:\/\/elluchador.info\/index.php?rest_route=%2Fwp%2Fv2%2Fcomments&post=296102"}],"version-history":[{"count":1,"href":"https:\/\/elluchador.info\/index.php?rest_route=\/wp\/v2\/posts\/296102\/revisions"}],"predecessor-version":[{"id":296104,"href":"https:\/\/elluchador.info\/index.php?rest_route=\/wp\/v2\/posts\/296102\/revisions\/296104"}],"wp:featuredmedia":[{"embeddable":true,"href":"https:\/\/elluchador.info\/index.php?rest_route=\/wp\/v2\/media\/296103"}],"wp:attachment":[{"href":"https:\/\/elluchador.info\/index.php?rest_route=%2Fwp%2Fv2%2Fmedia&parent=296102"}],"wp:term":[{"taxonomy":"category","embeddable":true,"href":"https:\/\/elluchador.info\/index.php?rest_route=%2Fwp%2Fv2%2Fcategories&post=296102"},{"taxonomy":"post_tag","embeddable":true,"href":"https:\/\/elluchador.info\/index.php?rest_route=%2Fwp%2Fv2%2Ftags&post=296102"}],"curies":[{"name":"wp","href":"https:\/\/api.w.org\/{rel}","templated":true}]}}