{"id":296164,"date":"2025-11-27T16:00:00","date_gmt":"2025-11-27T20:00:00","guid":{"rendered":"https:\/\/elluchador.info\/?p=296164"},"modified":"2025-11-27T15:32:58","modified_gmt":"2025-11-27T19:32:58","slug":"christina-aguilera-estrena-su-nuevo-tema-navideno","status":"publish","type":"post","link":"https:\/\/elluchador.info\/?p=296164","title":{"rendered":"Christina Aguilera estrena su nuevo tema navide\u00f1o"},"content":{"rendered":"\n<p>La superestrella del pop mundial, Christina Aguilera, ha lanzado oficialmente el video musical de su nuevo sencillo navide\u00f1o, \u2018My Favorite Things\u2019, un vibrante adelanto de su pr\u00f3ximo especial cinematogr\u00e1fico, \u2018Christina Aguilera: Christmas in Paris\u2019.<\/p>\n\n\n\n<p>\u200bEl anuncio fue hecho por la propia artista a trav\u00e9s de sus redes sociales, donde comparti\u00f3 la emoci\u00f3n de unir el esp\u00edritu festivo con la magia de la capital francesa.<\/p>\n\n\n\n<p><strong>\u200bUn video musical con la Torre Eiffel<\/strong><br>\u200bEl videoclip de \u2018My Favorite Things\u2019 es un espect\u00e1culo visual grabado en Par\u00eds, con el emblem\u00e1tico monumento de la Torre Eiffel sirviendo de majestuoso tel\u00f3n de fondo. Aguilera aparece cantando y bailando en una plataforma elevada, rodeada de \u00e1rboles luminosos de Navidad.<\/p>\n\n\n\n<p>\u200bLa cantante, vestida con un elegante corpi\u00f1o blanco, est\u00e1 acompa\u00f1ada por una orquesta de c\u00e1mara y un grupo de bailarines tambi\u00e9n ataviados de blanco, creando una atm\u00f3sfera de ensue\u00f1o y sofisticaci\u00f3n.<\/p>\n\n\n\n<p>\u200b\u00bbCuando la magia de la Navidad se encuentra con la magia de Par\u00eds\u2026 sucede algo verdaderamente extraordinario. No puedo esperar para compartir esta temporada festiva contigo\u00bb, expres\u00f3 Christina Aguilera en su cuenta de Instagram.<\/p>\n\n\n\n<p><strong>\u200b\u2018Christina Aguilera: Christmas in Paris\u2019 llega a cines<\/strong><br>\u200bEste lanzamiento musical precede al estreno de \u2018Christina Aguilera: Christmas in Paris\u2019, un evento cinematogr\u00e1fico \u00fanico que conmemora el 25 aniversario de su ic\u00f3nico \u00e1lbum navide\u00f1o, \u2018My kind of Christmas\u2019 (2000).<\/p>\n\n\n\n<p>La pel\u00edcula se proyectar\u00e1 exclusivamente en cines los d\u00edas 14 y 21 de diciembre en m\u00e1s de 700 salas en Estados Unidos.<\/p>\n\n\n\n<p>\u200bBajo la direcci\u00f3n del ganador del Emmy Sam Wrench, el especial fue grabado en la terraza sobre el Mus\u00e9e du Quai Branly ante una audiencia \u00edntima de 250 invitados.<\/p>\n\n\n\n<p>\u200bAguilera presentar\u00e1 versiones reinventadas de cl\u00e1sicos navide\u00f1os, adem\u00e1s de los \u00e9xitos que han marcado su carrera.<\/p>\n\n\n\n<p>\u200bLa pel\u00edcula no solo celebra la m\u00fasica, sino que tambi\u00e9n entrelaza vi\u00f1etas cinematogr\u00e1ficas parisinas que exploran temas profundos como el amor, la maternidad, la reinvenci\u00f3n y la evoluci\u00f3n art\u00edstica de la cantante.<\/p>\n\n\n\n<p><strong>\u200bUn legado de \u00e9xito global<\/strong><br>\u200bCon una trayectoria impresionante, Christina Aguilera ha vendido cerca de 100 millones de discos en todo el mundo, ha conseguido cinco sencillos n\u00famero 1 en el Billboard Hot 100 y ha sido galardonada con siete premios Grammy, incluidos dos Latin Grammy.<\/p>\n\n\n\n<p>\u200bEl especial \u2018Christina Aguilera: Christmas in Paris\u2019 promete ser un regalo festivo para sus millones de seguidores, consolidando su estatus como una de las voces m\u00e1s influyentes y atemporales de la m\u00fasica.<\/p>\n\n\n\n<p>Con informaci\u00f3n de <strong>agencias<\/strong><\/p>\n","protected":false},"excerpt":{"rendered":"<p>La superestrella del pop mundial, Christina Aguilera, ha lanzado oficialmente el video musical de su nuevo sencillo navide\u00f1o, \u2018My Favorite Things\u2019, un vibrante adelanto de su pr\u00f3ximo especial cinematogr\u00e1fico, \u2018Christina Aguilera: Christmas in Paris\u2019. \u200bEl anuncio fue hecho por la propia artista a trav\u00e9s de sus redes sociales, donde comparti\u00f3 la emoci\u00f3n de unir el [&hellip;]<\/p>\n","protected":false},"author":38,"featured_media":296166,"comment_status":"closed","ping_status":"closed","sticky":false,"template":"","format":"standard","meta":{"footnotes":""},"categories":[7],"tags":[448],"class_list":{"0":"post-296164","1":"post","2":"type-post","3":"status-publish","4":"format-standard","5":"has-post-thumbnail","7":"category-entretenimiento","8":"tag-mundo"},"_links":{"self":[{"href":"https:\/\/elluchador.info\/index.php?rest_route=\/wp\/v2\/posts\/296164","targetHints":{"allow":["GET"]}}],"collection":[{"href":"https:\/\/elluchador.info\/index.php?rest_route=\/wp\/v2\/posts"}],"about":[{"href":"https:\/\/elluchador.info\/index.php?rest_route=\/wp\/v2\/types\/post"}],"author":[{"embeddable":true,"href":"https:\/\/elluchador.info\/index.php?rest_route=\/wp\/v2\/users\/38"}],"replies":[{"embeddable":true,"href":"https:\/\/elluchador.info\/index.php?rest_route=%2Fwp%2Fv2%2Fcomments&post=296164"}],"version-history":[{"count":1,"href":"https:\/\/elluchador.info\/index.php?rest_route=\/wp\/v2\/posts\/296164\/revisions"}],"predecessor-version":[{"id":296167,"href":"https:\/\/elluchador.info\/index.php?rest_route=\/wp\/v2\/posts\/296164\/revisions\/296167"}],"wp:featuredmedia":[{"embeddable":true,"href":"https:\/\/elluchador.info\/index.php?rest_route=\/wp\/v2\/media\/296166"}],"wp:attachment":[{"href":"https:\/\/elluchador.info\/index.php?rest_route=%2Fwp%2Fv2%2Fmedia&parent=296164"}],"wp:term":[{"taxonomy":"category","embeddable":true,"href":"https:\/\/elluchador.info\/index.php?rest_route=%2Fwp%2Fv2%2Fcategories&post=296164"},{"taxonomy":"post_tag","embeddable":true,"href":"https:\/\/elluchador.info\/index.php?rest_route=%2Fwp%2Fv2%2Ftags&post=296164"}],"curies":[{"name":"wp","href":"https:\/\/api.w.org\/{rel}","templated":true}]}}