{"id":296171,"date":"2025-11-27T16:38:00","date_gmt":"2025-11-27T20:38:00","guid":{"rendered":"https:\/\/elluchador.info\/?p=296171"},"modified":"2025-11-27T16:37:22","modified_gmt":"2025-11-27T20:37:22","slug":"jah-buffels-economic-zone-presenta-estudios-geologicos-certificados-en-congreso-camcaroni-2025","status":"publish","type":"post","link":"https:\/\/elluchador.info\/?p=296171","title":{"rendered":"JAH Buffels Economic Zone presenta estudios geol\u00f3gicos certificados en Congreso CAMCARON\u00cd 2025"},"content":{"rendered":"\n<p>La empresa JAH Buffels Economic Zone BV destac\u00f3 su participaci\u00f3n en el Congreso de la C\u00e1mara de Comercio e Industrias del Municipio Caron\u00ed (CAMCARON\u00cd), evento realizado en los espacios del Hotel Eurobuilding de Puerto Ordaz, donde exhibi\u00f3 un stand informativo y present\u00f3 los resultados de los estudios geol\u00f3gicos desarrollados en la parcela La Aurora (Botalones 1, 2 y 3), ubicada dentro de una Zona Econ\u00f3mica Especial del estado Bol\u00edvar.<\/p>\n\n\n\n<p>Durante el encuentro empresarial, el especialista, ingeniero Ricardo Alezones, ge\u00f3logo egresado de la Universidad Central de Venezuela (UCV) y representante t\u00e9cnico de la empresa, inform\u00f3 que los an\u00e1lisis realizados por la Escuela de Geolog\u00eda y Geof\u00edsica de la UCV arrojaron resultados altamente favorables para la presencia de \u00d3xido de Esta\u00f1o (SnO\u2082 \u2013 Casiterita), con un promedio estimado del 70% de concentraci\u00f3n en las muestras estudiadas; as\u00ed como un 8.87% de Talio y 4.38% Niobio.<\/p>\n\n\n\n<p>Alezones explic\u00f3 que aproximadamente el 70% de las 542 hect\u00e1reas de la parcela est\u00e1n conformadas por un afloramiento gran\u00edtico de origen \u00edgneo\u2013plut\u00f3nico, con composici\u00f3n riol\u00edtica, alb\u00edtica, sil\u00edcea y feldesp\u00e1tica pot\u00e1sica. Para el reconocimiento geol\u00f3gico se colectaron 18 muestras patr\u00f3n a distintas profundidades (hasta -1,60 metros), debidamente identificadas, georreferenciadas y posteriormente enviadas a Caracas para su an\u00e1lisis en laboratorio.<\/p>\n\n\n\n<p>Por su parte, el propietario de JAH Buffels Economic Zone BV, Jos\u00e9 Rafael Rodr\u00edguez Gonz\u00e1lez, subray\u00f3 que estos estudios constituyen un paso determinante para avanzar hacia un modelo de miner\u00eda responsable, moderna y ajustada al marco jur\u00eddico venezolano, impulsando proyectos que generen empleo, divisas y desarrollo industrial dentro de las Zonas Econ\u00f3micas Especiales (ZEE).<\/p>\n\n\n\n<p>Rodr\u00edguez Gonz\u00e1lez resalt\u00f3 que la empresa trabaja en armon\u00eda con las pol\u00edticas del Gobierno Bolivariano, orientadas a promover la inversi\u00f3n extranjera, dinamizar la econom\u00eda nacional y garantizar el aprovechamiento responsable de los recursos minerales bajo estrictos est\u00e1ndares ambientales.<\/p>\n\n\n\n<p>En esta l\u00ednea, el vicepresidente de la Comisi\u00f3n de Energ\u00eda y Minas del Consejo Legislativo del estado Bol\u00edvar, diputado Gilberto Alcal\u00e1, enfatiz\u00f3 que la inversi\u00f3n privada en el sector minero, acompa\u00f1ada de estudios serios y certificados, responde a los lineamientos estrat\u00e9gicos del Ejecutivo Nacional, especialmente vinculados a las 7T, que orientan el rumbo econ\u00f3mico del pa\u00eds hacia una etapa de crecimiento productivo y diversificaci\u00f3n.<\/p>\n\n\n\n<p>La participaci\u00f3n de JAH Buffels Economic Zone BV en el Congreso CAMCARON\u00cd reafirma el compromiso de la empresa con el desarrollo regional y su disposici\u00f3n a seguir aportando conocimiento t\u00e9cnico, inversi\u00f3n y proyectos sostenibles que contribuyan al fortalecimiento del eje econ\u00f3mico del sur de Venezuela.<\/p>\n\n\n\n<p>Con informaci\u00f3n de <strong>Prensa JAH Buffels Economic<\/strong><\/p>\n","protected":false},"excerpt":{"rendered":"<p>La empresa JAH Buffels Economic Zone BV destac\u00f3 su participaci\u00f3n en el Congreso de la C\u00e1mara de Comercio e Industrias del Municipio Caron\u00ed (CAMCARON\u00cd), evento realizado en los espacios del Hotel Eurobuilding de Puerto Ordaz, donde exhibi\u00f3 un stand informativo y present\u00f3 los resultados de los estudios geol\u00f3gicos desarrollados en la parcela La Aurora (Botalones [&hellip;]<\/p>\n","protected":false},"author":38,"featured_media":296172,"comment_status":"closed","ping_status":"closed","sticky":false,"template":"","format":"standard","meta":{"footnotes":""},"categories":[6],"tags":[185,1178,105],"class_list":{"0":"post-296171","1":"post","2":"type-post","3":"status-publish","4":"format-standard","5":"has-post-thumbnail","7":"category-economia","8":"tag-bolivar","9":"tag-ciudad-guayana","10":"tag-venezuela"},"_links":{"self":[{"href":"https:\/\/elluchador.info\/index.php?rest_route=\/wp\/v2\/posts\/296171","targetHints":{"allow":["GET"]}}],"collection":[{"href":"https:\/\/elluchador.info\/index.php?rest_route=\/wp\/v2\/posts"}],"about":[{"href":"https:\/\/elluchador.info\/index.php?rest_route=\/wp\/v2\/types\/post"}],"author":[{"embeddable":true,"href":"https:\/\/elluchador.info\/index.php?rest_route=\/wp\/v2\/users\/38"}],"replies":[{"embeddable":true,"href":"https:\/\/elluchador.info\/index.php?rest_route=%2Fwp%2Fv2%2Fcomments&post=296171"}],"version-history":[{"count":1,"href":"https:\/\/elluchador.info\/index.php?rest_route=\/wp\/v2\/posts\/296171\/revisions"}],"predecessor-version":[{"id":296173,"href":"https:\/\/elluchador.info\/index.php?rest_route=\/wp\/v2\/posts\/296171\/revisions\/296173"}],"wp:featuredmedia":[{"embeddable":true,"href":"https:\/\/elluchador.info\/index.php?rest_route=\/wp\/v2\/media\/296172"}],"wp:attachment":[{"href":"https:\/\/elluchador.info\/index.php?rest_route=%2Fwp%2Fv2%2Fmedia&parent=296171"}],"wp:term":[{"taxonomy":"category","embeddable":true,"href":"https:\/\/elluchador.info\/index.php?rest_route=%2Fwp%2Fv2%2Fcategories&post=296171"},{"taxonomy":"post_tag","embeddable":true,"href":"https:\/\/elluchador.info\/index.php?rest_route=%2Fwp%2Fv2%2Ftags&post=296171"}],"curies":[{"name":"wp","href":"https:\/\/api.w.org\/{rel}","templated":true}]}}