{"id":296563,"date":"2025-12-02T08:54:17","date_gmt":"2025-12-02T12:54:17","guid":{"rendered":"https:\/\/elluchador.info\/?p=296563"},"modified":"2025-12-02T08:54:23","modified_gmt":"2025-12-02T12:54:23","slug":"inameh-preve-lluvias-de-intensidad-variable-en-gran-parte-del-pais-6","status":"publish","type":"post","link":"https:\/\/elluchador.info\/?p=296563","title":{"rendered":"Inameh prev\u00e9 lluvias de intensidad variable en gran parte del pa\u00eds"},"content":{"rendered":"\n<p>\u200eDurante la madrugada y la ma\u00f1ana de este martes se pronostica precipitaciones de baja a moderada, concentr\u00e1ndose principalmente en el Occidente, Sur y Oriente del pa\u00eds, rese\u00f1\u00f3 una publicaci\u00f3n realizada en el canal de Telegram del Instituto Nacional de Meteorolog\u00eda e Hidrolog\u00eda (Inameh).<br>\u200e<br>\u200eAsimismo, mencion\u00f3 que los focos m\u00e1s importantes se registrar\u00e1n en la Guayana Esequiba, Sur de Bol\u00edvar, Amazonas, Oriente, este de Falc\u00f3n, los Andes, Apure y Zulia.<br>\u200e<br>\u200eDespu\u00e9s del mediod\u00eda, las precipitaciones aumentar\u00e1n acompa\u00f1adas de descargas el\u00e9ctricas y r\u00e1fagas de viento en el Zulia, extendi\u00e9ndose a los Andes y oeste de Apure.<br>\u200e<br>\u200eAsimismo, los n\u00facleos convectivos dispersos y d\u00e9biles afectar\u00e1n \u00e1reas de Delta Amacuro, Anzo\u00e1tegui, Gu\u00e1rico, Barinas y Portuguesa, por lo que no se descartan precipitaciones aisladas en la regi\u00f3n Central.<br>\u200e<br>\u200eEn la tarde y noche se prev\u00e9 un ligero aumento de la nubosidad con lluvias en todo el pa\u00eds.<\/p>\n","protected":false},"excerpt":{"rendered":"<p>\u200eDurante la madrugada y la ma\u00f1ana de este martes se pronostica precipitaciones de baja a moderada, concentr\u00e1ndose principalmente en el Occidente, Sur y Oriente del pa\u00eds, rese\u00f1\u00f3 una publicaci\u00f3n realizada en el canal de Telegram del Instituto Nacional de Meteorolog\u00eda e Hidrolog\u00eda (Inameh).\u200e\u200eAsimismo, mencion\u00f3 que los focos m\u00e1s importantes se registrar\u00e1n en la Guayana Esequiba, [&hellip;]<\/p>\n","protected":false},"author":33,"featured_media":229156,"comment_status":"closed","ping_status":"closed","sticky":false,"template":"","format":"standard","meta":{"footnotes":""},"categories":[9],"tags":[107,1667,105],"class_list":{"0":"post-296563","1":"post","2":"type-post","3":"status-publish","4":"format-standard","5":"has-post-thumbnail","7":"category-nacionales","8":"tag-lluvias","9":"tag-nublado","10":"tag-venezuela"},"_links":{"self":[{"href":"https:\/\/elluchador.info\/index.php?rest_route=\/wp\/v2\/posts\/296563","targetHints":{"allow":["GET"]}}],"collection":[{"href":"https:\/\/elluchador.info\/index.php?rest_route=\/wp\/v2\/posts"}],"about":[{"href":"https:\/\/elluchador.info\/index.php?rest_route=\/wp\/v2\/types\/post"}],"author":[{"embeddable":true,"href":"https:\/\/elluchador.info\/index.php?rest_route=\/wp\/v2\/users\/33"}],"replies":[{"embeddable":true,"href":"https:\/\/elluchador.info\/index.php?rest_route=%2Fwp%2Fv2%2Fcomments&post=296563"}],"version-history":[{"count":1,"href":"https:\/\/elluchador.info\/index.php?rest_route=\/wp\/v2\/posts\/296563\/revisions"}],"predecessor-version":[{"id":296564,"href":"https:\/\/elluchador.info\/index.php?rest_route=\/wp\/v2\/posts\/296563\/revisions\/296564"}],"wp:featuredmedia":[{"embeddable":true,"href":"https:\/\/elluchador.info\/index.php?rest_route=\/wp\/v2\/media\/229156"}],"wp:attachment":[{"href":"https:\/\/elluchador.info\/index.php?rest_route=%2Fwp%2Fv2%2Fmedia&parent=296563"}],"wp:term":[{"taxonomy":"category","embeddable":true,"href":"https:\/\/elluchador.info\/index.php?rest_route=%2Fwp%2Fv2%2Fcategories&post=296563"},{"taxonomy":"post_tag","embeddable":true,"href":"https:\/\/elluchador.info\/index.php?rest_route=%2Fwp%2Fv2%2Ftags&post=296563"}],"curies":[{"name":"wp","href":"https:\/\/api.w.org\/{rel}","templated":true}]}}